{"id":4498,"date":"2019-01-14T20:34:34","date_gmt":"2019-01-14T19:34:34","guid":{"rendered":"https:\/\/www.zulaibar.net\/es\/?p=4498"},"modified":"2019-02-21T12:52:39","modified_gmt":"2019-02-21T11:52:39","slug":"dia-del-emprendedor","status":"publish","type":"post","link":"https:\/\/www.zulaibar.net\/es\/dia-del-emprendedor\/","title":{"rendered":"D\u00eda del emprendedor en Zulaibar"},"content":{"rendered":"<p>El pasado 19 de diciembre se celebr\u00f3 en el sal\u00f3n de actos de Zulaibar Lanbide Ikastegia, por segundo a\u00f1o consecutivo, el D\u00cdA DEL EMPRENDEDOR.<\/p>\n<p>Los alumnos de segundo curso de todas las especialidades presentaron las ideas de negocio que est\u00e1n trabajando durante el curso en el PROGRAMA IKASENPRESA.<\/p>\n<p>Despu\u00e9s, algunos de los profesores explicaron aquellos proyectos en los que est\u00e1n trabajando para el desarrollo de nuevas tecnolog\u00edas con el objetivo de actualizar y mejorar los conocimientos de los futuros trabajadores de la comarca.<\/p>\n<p>Tras repartir los premios a los ganadores, se dio la jornada por finalizada.<\/p>\n","protected":false},"excerpt":{"rendered":"<p>El pasado 19 de diciembre se celebr\u00f3 en el sal\u00f3n de actos de Zulaibar Lanbide [&hellip;]<\/p>\n","protected":false},"author":1,"featured_media":4493,"comment_status":"closed","ping_status":"closed","sticky":false,"template":"","format":"standard","meta":[],"categories":[131],"tags":[],"yoast_head":"<!-- This site is optimized with the Yoast SEO plugin v20.5 - https:\/\/yoast.com\/wordpress\/plugins\/seo\/ -->\n<title>D\u00eda del emprendedor en Zulaibar - Zulaibar Arratiako Lanbide Ikastegia<\/title>\n<meta name=\"robots\" content=\"index, follow, max-snippet:-1, max-image-preview:large, max-video-preview:-1\" \/>\n<link rel=\"canonical\" href=\"https:\/\/www.zulaibar.net\/es\/dia-del-emprendedor\/\" \/>\n<meta property=\"og:locale\" content=\"es_ES\" \/>\n<meta property=\"og:type\" content=\"article\" \/>\n<meta property=\"og:title\" content=\"D\u00eda del emprendedor en Zulaibar - Zulaibar Arratiako Lanbide Ikastegia\" \/>\n<meta property=\"og:description\" content=\"El pasado 19 de diciembre se celebr\u00f3 en el sal\u00f3n de actos de Zulaibar Lanbide [&hellip;]\" \/>\n<meta property=\"og:url\" content=\"https:\/\/www.zulaibar.net\/es\/dia-del-emprendedor\/\" \/>\n<meta property=\"og:site_name\" content=\"Zulaibar Arratiako Lanbide Ikastegia\" \/>\n<meta property=\"article:publisher\" content=\"https:\/\/www.facebook.com\/zulaibar.arratiakolanbideikastegia\" \/>\n<meta property=\"article:published_time\" content=\"2019-01-14T19:34:34+00:00\" \/>\n<meta property=\"article:modified_time\" content=\"2019-02-21T11:52:39+00:00\" \/>\n<meta property=\"og:image\" content=\"https:\/\/www.zulaibar.net\/wp-content\/uploads\/2019\/01\/IMG_3104-1024x683.jpg\" \/>\n\t<meta property=\"og:image:width\" content=\"1024\" \/>\n\t<meta property=\"og:image:height\" content=\"683\" \/>\n\t<meta property=\"og:image:type\" content=\"image\/jpeg\" \/>\n<meta name=\"author\" content=\"administrador\" \/>\n<meta name=\"twitter:label1\" content=\"Escrito por\" \/>\n\t<meta name=\"twitter:data1\" content=\"administrador\" \/>\n\t<meta name=\"twitter:label2\" content=\"Tiempo de lectura\" \/>\n\t<meta name=\"twitter:data2\" content=\"1 minuto\" \/>\n<script type=\"application\/ld+json\" class=\"yoast-schema-graph\">{\"@context\":\"https:\/\/schema.org\",\"@graph\":[{\"@type\":\"WebPage\",\"@id\":\"https:\/\/www.zulaibar.net\/es\/dia-del-emprendedor\/\",\"url\":\"https:\/\/www.zulaibar.net\/es\/dia-del-emprendedor\/\",\"name\":\"D\u00eda del emprendedor en Zulaibar - Zulaibar Arratiako Lanbide Ikastegia\",\"isPartOf\":{\"@id\":\"https:\/\/www.zulaibar.net\/#website\"},\"datePublished\":\"2019-01-14T19:34:34+00:00\",\"dateModified\":\"2019-02-21T11:52:39+00:00\",\"author\":{\"@id\":\"https:\/\/www.zulaibar.net\/#\/schema\/person\/54d5ffd7f8b17e774c2a99587e0798bb\"},\"breadcrumb\":{\"@id\":\"https:\/\/www.zulaibar.net\/es\/dia-del-emprendedor\/#breadcrumb\"},\"inLanguage\":\"es\",\"potentialAction\":[{\"@type\":\"ReadAction\",\"target\":[\"https:\/\/www.zulaibar.net\/es\/dia-del-emprendedor\/\"]}]},{\"@type\":\"BreadcrumbList\",\"@id\":\"https:\/\/www.zulaibar.net\/es\/dia-del-emprendedor\/#breadcrumb\",\"itemListElement\":[{\"@type\":\"ListItem\",\"position\":1,\"name\":\"Portada\",\"item\":\"https:\/\/www.zulaibar.net\/es\/\"},{\"@type\":\"ListItem\",\"position\":2,\"name\":\"D\u00eda del emprendedor en Zulaibar\"}]},{\"@type\":\"WebSite\",\"@id\":\"https:\/\/www.zulaibar.net\/#website\",\"url\":\"https:\/\/www.zulaibar.net\/\",\"name\":\"Zulaibar Arratiako Lanbide Ikastegia\",\"description\":\"Zulaibar Arratiako Lanbide Ikastegiaren web gunea\",\"potentialAction\":[{\"@type\":\"SearchAction\",\"target\":{\"@type\":\"EntryPoint\",\"urlTemplate\":\"https:\/\/www.zulaibar.net\/?s={search_term_string}\"},\"query-input\":\"required name=search_term_string\"}],\"inLanguage\":\"es\"},{\"@type\":\"Person\",\"@id\":\"https:\/\/www.zulaibar.net\/#\/schema\/person\/54d5ffd7f8b17e774c2a99587e0798bb\",\"name\":\"administrador\",\"url\":\"https:\/\/www.zulaibar.net\/es\/author\/administrador\/\"}]}<\/script>\n<!-- \/ Yoast SEO plugin. -->","yoast_head_json":{"title":"D\u00eda del emprendedor en Zulaibar - Zulaibar Arratiako Lanbide Ikastegia","robots":{"index":"index","follow":"follow","max-snippet":"max-snippet:-1","max-image-preview":"max-image-preview:large","max-video-preview":"max-video-preview:-1"},"canonical":"https:\/\/www.zulaibar.net\/es\/dia-del-emprendedor\/","og_locale":"es_ES","og_type":"article","og_title":"D\u00eda del emprendedor en Zulaibar - Zulaibar Arratiako Lanbide Ikastegia","og_description":"El pasado 19 de diciembre se celebr\u00f3 en el sal\u00f3n de actos de Zulaibar Lanbide [&hellip;]","og_url":"https:\/\/www.zulaibar.net\/es\/dia-del-emprendedor\/","og_site_name":"Zulaibar Arratiako Lanbide Ikastegia","article_publisher":"https:\/\/www.facebook.com\/zulaibar.arratiakolanbideikastegia","article_published_time":"2019-01-14T19:34:34+00:00","article_modified_time":"2019-02-21T11:52:39+00:00","og_image":[{"width":1024,"height":683,"url":"https:\/\/www.zulaibar.net\/wp-content\/uploads\/2019\/01\/IMG_3104-1024x683.jpg","type":"image\/jpeg"}],"author":"administrador","twitter_misc":{"Escrito por":"administrador","Tiempo de lectura":"1 minuto"},"schema":{"@context":"https:\/\/schema.org","@graph":[{"@type":"WebPage","@id":"https:\/\/www.zulaibar.net\/es\/dia-del-emprendedor\/","url":"https:\/\/www.zulaibar.net\/es\/dia-del-emprendedor\/","name":"D\u00eda del emprendedor en Zulaibar - Zulaibar Arratiako Lanbide Ikastegia","isPartOf":{"@id":"https:\/\/www.zulaibar.net\/#website"},"datePublished":"2019-01-14T19:34:34+00:00","dateModified":"2019-02-21T11:52:39+00:00","author":{"@id":"https:\/\/www.zulaibar.net\/#\/schema\/person\/54d5ffd7f8b17e774c2a99587e0798bb"},"breadcrumb":{"@id":"https:\/\/www.zulaibar.net\/es\/dia-del-emprendedor\/#breadcrumb"},"inLanguage":"es","potentialAction":[{"@type":"ReadAction","target":["https:\/\/www.zulaibar.net\/es\/dia-del-emprendedor\/"]}]},{"@type":"BreadcrumbList","@id":"https:\/\/www.zulaibar.net\/es\/dia-del-emprendedor\/#breadcrumb","itemListElement":[{"@type":"ListItem","position":1,"name":"Portada","item":"https:\/\/www.zulaibar.net\/es\/"},{"@type":"ListItem","position":2,"name":"D\u00eda del emprendedor en Zulaibar"}]},{"@type":"WebSite","@id":"https:\/\/www.zulaibar.net\/#website","url":"https:\/\/www.zulaibar.net\/","name":"Zulaibar Arratiako Lanbide Ikastegia","description":"Zulaibar Arratiako Lanbide Ikastegiaren web gunea","potentialAction":[{"@type":"SearchAction","target":{"@type":"EntryPoint","urlTemplate":"https:\/\/www.zulaibar.net\/?s={search_term_string}"},"query-input":"required name=search_term_string"}],"inLanguage":"es"},{"@type":"Person","@id":"https:\/\/www.zulaibar.net\/#\/schema\/person\/54d5ffd7f8b17e774c2a99587e0798bb","name":"administrador","url":"https:\/\/www.zulaibar.net\/es\/author\/administrador\/"}]}},"_links":{"self":[{"href":"https:\/\/www.zulaibar.net\/es\/wp-json\/wp\/v2\/posts\/4498"}],"collection":[{"href":"https:\/\/www.zulaibar.net\/es\/wp-json\/wp\/v2\/posts"}],"about":[{"href":"https:\/\/www.zulaibar.net\/es\/wp-json\/wp\/v2\/types\/post"}],"author":[{"embeddable":true,"href":"https:\/\/www.zulaibar.net\/es\/wp-json\/wp\/v2\/users\/1"}],"replies":[{"embeddable":true,"href":"https:\/\/www.zulaibar.net\/es\/wp-json\/wp\/v2\/comments?post=4498"}],"version-history":[{"count":2,"href":"https:\/\/www.zulaibar.net\/es\/wp-json\/wp\/v2\/posts\/4498\/revisions"}],"predecessor-version":[{"id":4500,"href":"https:\/\/www.zulaibar.net\/es\/wp-json\/wp\/v2\/posts\/4498\/revisions\/4500"}],"wp:featuredmedia":[{"embeddable":true,"href":"https:\/\/www.zulaibar.net\/es\/wp-json\/wp\/v2\/media\/4493"}],"wp:attachment":[{"href":"https:\/\/www.zulaibar.net\/es\/wp-json\/wp\/v2\/media?parent=4498"}],"wp:term":[{"taxonomy":"category","embeddable":true,"href":"https:\/\/www.zulaibar.net\/es\/wp-json\/wp\/v2\/categories?post=4498"},{"taxonomy":"post_tag","embeddable":true,"href":"https:\/\/www.zulaibar.net\/es\/wp-json\/wp\/v2\/tags?post=4498"}],"curies":[{"name":"wp","href":"https:\/\/api.w.org\/{rel}","templated":true}]}}