{"id":4950,"date":"2020-03-16T13:24:20","date_gmt":"2020-03-16T12:24:20","guid":{"rendered":"https:\/\/www.zulaibar.net\/es\/?p=4950"},"modified":"2020-03-18T16:00:28","modified_gmt":"2020-03-18T15:00:28","slug":"practicas-empresa-centros-trabajo-formacion-profesional","status":"publish","type":"post","link":"https:\/\/www.zulaibar.net\/es\/practicas-empresa-centros-trabajo-formacion-profesional\/","title":{"rendered":"Pr\u00e1cticas en empresa y centros de trabajo formaci\u00f3n profesional"},"content":{"rendered":"<p class=\"paragraph\" style=\"text-align: justify; line-height: 150%; vertical-align: baseline;\"><span class=\"normaltextrun1\"><span style=\"font-family: 'Arial',sans-serif;\">Todo el alumnado que est\u00e9 cursando el m\u00f3dulo de Formaci\u00f3n en Centros de Trabajo o la formaci\u00f3n Dual en r\u00e9gimen de alternancia, cesar\u00e1 inmediatamente su actividad formativa en la empresa a partir de hoy lunes 16 de marzo de 2020, manteni\u00e9ndose en sus domicilios durante el periodo establecido de suspensi\u00f3n temporal de las clases lectivas. <\/span><\/span><\/p>\n","protected":false},"excerpt":{"rendered":"<p>Todo el alumnado que est\u00e9 cursando el m\u00f3dulo de Formaci\u00f3n en Centros de Trabajo o [&hellip;]<\/p>\n","protected":false},"author":1,"featured_media":4947,"comment_status":"closed","ping_status":"closed","sticky":false,"template":"","format":"standard","meta":[],"categories":[131],"tags":[],"yoast_head":"<!-- This site is optimized with the Yoast SEO plugin v20.5 - https:\/\/yoast.com\/wordpress\/plugins\/seo\/ -->\n<title>Pr\u00e1cticas en empresa y centros de trabajo formaci\u00f3n profesional - Zulaibar Arratiako Lanbide Ikastegia<\/title>\n<meta name=\"robots\" content=\"index, follow, max-snippet:-1, max-image-preview:large, max-video-preview:-1\" \/>\n<link rel=\"canonical\" href=\"https:\/\/www.zulaibar.net\/es\/practicas-empresa-centros-trabajo-formacion-profesional\/\" \/>\n<meta property=\"og:locale\" content=\"es_ES\" \/>\n<meta property=\"og:type\" content=\"article\" \/>\n<meta property=\"og:title\" content=\"Pr\u00e1cticas en empresa y centros de trabajo formaci\u00f3n profesional - Zulaibar Arratiako Lanbide Ikastegia\" \/>\n<meta property=\"og:description\" content=\"Todo el alumnado que est\u00e9 cursando el m\u00f3dulo de Formaci\u00f3n en Centros de Trabajo o [&hellip;]\" \/>\n<meta property=\"og:url\" content=\"https:\/\/www.zulaibar.net\/es\/practicas-empresa-centros-trabajo-formacion-profesional\/\" \/>\n<meta property=\"og:site_name\" content=\"Zulaibar Arratiako Lanbide Ikastegia\" \/>\n<meta property=\"article:publisher\" content=\"https:\/\/www.facebook.com\/zulaibar.arratiakolanbideikastegia\" \/>\n<meta property=\"article:published_time\" content=\"2020-03-16T12:24:20+00:00\" \/>\n<meta property=\"article:modified_time\" content=\"2020-03-18T15:00:28+00:00\" \/>\n<meta property=\"og:image\" content=\"https:\/\/www.zulaibar.net\/wp-content\/uploads\/2020\/03\/Attachment-1.jpg\" \/>\n\t<meta property=\"og:image:width\" content=\"5472\" \/>\n\t<meta property=\"og:image:height\" content=\"3648\" \/>\n\t<meta property=\"og:image:type\" content=\"image\/jpeg\" \/>\n<meta name=\"author\" content=\"administrador\" \/>\n<meta name=\"twitter:label1\" content=\"Escrito por\" \/>\n\t<meta name=\"twitter:data1\" content=\"administrador\" \/>\n<script type=\"application\/ld+json\" class=\"yoast-schema-graph\">{\"@context\":\"https:\/\/schema.org\",\"@graph\":[{\"@type\":\"WebPage\",\"@id\":\"https:\/\/www.zulaibar.net\/es\/practicas-empresa-centros-trabajo-formacion-profesional\/\",\"url\":\"https:\/\/www.zulaibar.net\/es\/practicas-empresa-centros-trabajo-formacion-profesional\/\",\"name\":\"Pr\u00e1cticas en empresa y centros de trabajo formaci\u00f3n profesional - Zulaibar Arratiako Lanbide Ikastegia\",\"isPartOf\":{\"@id\":\"https:\/\/www.zulaibar.net\/#website\"},\"datePublished\":\"2020-03-16T12:24:20+00:00\",\"dateModified\":\"2020-03-18T15:00:28+00:00\",\"author\":{\"@id\":\"https:\/\/www.zulaibar.net\/#\/schema\/person\/54d5ffd7f8b17e774c2a99587e0798bb\"},\"breadcrumb\":{\"@id\":\"https:\/\/www.zulaibar.net\/es\/practicas-empresa-centros-trabajo-formacion-profesional\/#breadcrumb\"},\"inLanguage\":\"es\",\"potentialAction\":[{\"@type\":\"ReadAction\",\"target\":[\"https:\/\/www.zulaibar.net\/es\/practicas-empresa-centros-trabajo-formacion-profesional\/\"]}]},{\"@type\":\"BreadcrumbList\",\"@id\":\"https:\/\/www.zulaibar.net\/es\/practicas-empresa-centros-trabajo-formacion-profesional\/#breadcrumb\",\"itemListElement\":[{\"@type\":\"ListItem\",\"position\":1,\"name\":\"Portada\",\"item\":\"https:\/\/www.zulaibar.net\/es\/\"},{\"@type\":\"ListItem\",\"position\":2,\"name\":\"Pr\u00e1cticas en empresa y centros de trabajo formaci\u00f3n profesional\"}]},{\"@type\":\"WebSite\",\"@id\":\"https:\/\/www.zulaibar.net\/#website\",\"url\":\"https:\/\/www.zulaibar.net\/\",\"name\":\"Zulaibar Arratiako Lanbide Ikastegia\",\"description\":\"Zulaibar Arratiako Lanbide Ikastegiaren web gunea\",\"potentialAction\":[{\"@type\":\"SearchAction\",\"target\":{\"@type\":\"EntryPoint\",\"urlTemplate\":\"https:\/\/www.zulaibar.net\/?s={search_term_string}\"},\"query-input\":\"required name=search_term_string\"}],\"inLanguage\":\"es\"},{\"@type\":\"Person\",\"@id\":\"https:\/\/www.zulaibar.net\/#\/schema\/person\/54d5ffd7f8b17e774c2a99587e0798bb\",\"name\":\"administrador\",\"url\":\"https:\/\/www.zulaibar.net\/es\/author\/administrador\/\"}]}<\/script>\n<!-- \/ Yoast SEO plugin. -->","yoast_head_json":{"title":"Pr\u00e1cticas en empresa y centros de trabajo formaci\u00f3n profesional - Zulaibar Arratiako Lanbide Ikastegia","robots":{"index":"index","follow":"follow","max-snippet":"max-snippet:-1","max-image-preview":"max-image-preview:large","max-video-preview":"max-video-preview:-1"},"canonical":"https:\/\/www.zulaibar.net\/es\/practicas-empresa-centros-trabajo-formacion-profesional\/","og_locale":"es_ES","og_type":"article","og_title":"Pr\u00e1cticas en empresa y centros de trabajo formaci\u00f3n profesional - Zulaibar Arratiako Lanbide Ikastegia","og_description":"Todo el alumnado que est\u00e9 cursando el m\u00f3dulo de Formaci\u00f3n en Centros de Trabajo o [&hellip;]","og_url":"https:\/\/www.zulaibar.net\/es\/practicas-empresa-centros-trabajo-formacion-profesional\/","og_site_name":"Zulaibar Arratiako Lanbide Ikastegia","article_publisher":"https:\/\/www.facebook.com\/zulaibar.arratiakolanbideikastegia","article_published_time":"2020-03-16T12:24:20+00:00","article_modified_time":"2020-03-18T15:00:28+00:00","og_image":[{"width":5472,"height":3648,"url":"https:\/\/www.zulaibar.net\/wp-content\/uploads\/2020\/03\/Attachment-1.jpg","type":"image\/jpeg"}],"author":"administrador","twitter_misc":{"Escrito por":"administrador"},"schema":{"@context":"https:\/\/schema.org","@graph":[{"@type":"WebPage","@id":"https:\/\/www.zulaibar.net\/es\/practicas-empresa-centros-trabajo-formacion-profesional\/","url":"https:\/\/www.zulaibar.net\/es\/practicas-empresa-centros-trabajo-formacion-profesional\/","name":"Pr\u00e1cticas en empresa y centros de trabajo formaci\u00f3n profesional - Zulaibar Arratiako Lanbide Ikastegia","isPartOf":{"@id":"https:\/\/www.zulaibar.net\/#website"},"datePublished":"2020-03-16T12:24:20+00:00","dateModified":"2020-03-18T15:00:28+00:00","author":{"@id":"https:\/\/www.zulaibar.net\/#\/schema\/person\/54d5ffd7f8b17e774c2a99587e0798bb"},"breadcrumb":{"@id":"https:\/\/www.zulaibar.net\/es\/practicas-empresa-centros-trabajo-formacion-profesional\/#breadcrumb"},"inLanguage":"es","potentialAction":[{"@type":"ReadAction","target":["https:\/\/www.zulaibar.net\/es\/practicas-empresa-centros-trabajo-formacion-profesional\/"]}]},{"@type":"BreadcrumbList","@id":"https:\/\/www.zulaibar.net\/es\/practicas-empresa-centros-trabajo-formacion-profesional\/#breadcrumb","itemListElement":[{"@type":"ListItem","position":1,"name":"Portada","item":"https:\/\/www.zulaibar.net\/es\/"},{"@type":"ListItem","position":2,"name":"Pr\u00e1cticas en empresa y centros de trabajo formaci\u00f3n profesional"}]},{"@type":"WebSite","@id":"https:\/\/www.zulaibar.net\/#website","url":"https:\/\/www.zulaibar.net\/","name":"Zulaibar Arratiako Lanbide Ikastegia","description":"Zulaibar Arratiako Lanbide Ikastegiaren web gunea","potentialAction":[{"@type":"SearchAction","target":{"@type":"EntryPoint","urlTemplate":"https:\/\/www.zulaibar.net\/?s={search_term_string}"},"query-input":"required name=search_term_string"}],"inLanguage":"es"},{"@type":"Person","@id":"https:\/\/www.zulaibar.net\/#\/schema\/person\/54d5ffd7f8b17e774c2a99587e0798bb","name":"administrador","url":"https:\/\/www.zulaibar.net\/es\/author\/administrador\/"}]}},"_links":{"self":[{"href":"https:\/\/www.zulaibar.net\/es\/wp-json\/wp\/v2\/posts\/4950"}],"collection":[{"href":"https:\/\/www.zulaibar.net\/es\/wp-json\/wp\/v2\/posts"}],"about":[{"href":"https:\/\/www.zulaibar.net\/es\/wp-json\/wp\/v2\/types\/post"}],"author":[{"embeddable":true,"href":"https:\/\/www.zulaibar.net\/es\/wp-json\/wp\/v2\/users\/1"}],"replies":[{"embeddable":true,"href":"https:\/\/www.zulaibar.net\/es\/wp-json\/wp\/v2\/comments?post=4950"}],"version-history":[{"count":2,"href":"https:\/\/www.zulaibar.net\/es\/wp-json\/wp\/v2\/posts\/4950\/revisions"}],"predecessor-version":[{"id":4962,"href":"https:\/\/www.zulaibar.net\/es\/wp-json\/wp\/v2\/posts\/4950\/revisions\/4962"}],"wp:featuredmedia":[{"embeddable":true,"href":"https:\/\/www.zulaibar.net\/es\/wp-json\/wp\/v2\/media\/4947"}],"wp:attachment":[{"href":"https:\/\/www.zulaibar.net\/es\/wp-json\/wp\/v2\/media?parent=4950"}],"wp:term":[{"taxonomy":"category","embeddable":true,"href":"https:\/\/www.zulaibar.net\/es\/wp-json\/wp\/v2\/categories?post=4950"},{"taxonomy":"post_tag","embeddable":true,"href":"https:\/\/www.zulaibar.net\/es\/wp-json\/wp\/v2\/tags?post=4950"}],"curies":[{"name":"wp","href":"https:\/\/api.w.org\/{rel}","templated":true}]}}