{"id":4997,"date":"2020-04-06T17:09:57","date_gmt":"2020-04-06T16:09:57","guid":{"rendered":"https:\/\/www.zulaibar.net\/es\/?p=4997"},"modified":"2020-04-06T17:09:57","modified_gmt":"2020-04-06T16:09:57","slug":"comunicado-oficial","status":"publish","type":"post","link":"https:\/\/www.zulaibar.net\/es\/comunicado-oficial\/","title":{"rendered":"Comunicado oficial"},"content":{"rendered":"<p>A la comunidad educativa de Arratiako Zulaibar Lanbide Ikastegia:<\/p>\n<p>Desde Zulaibar Ikastetxea, debido a la evoluci\u00f3n de los acontecimientos y de las medidas que se est\u00e1n aplicando, estamos poniendo de nuestra parte todo lo posible para que el desarrollo de la actividad docente, la atenci\u00f3n al alumnado y comunicaci\u00f3n a las familias contin\u00fae con normalidad.<\/p>\n<p>Es responsabilidad de todos\/as tomar conciencia social siguiendo en todo momento las recomendaciones del Ministerio de Sanidad y del Gobierno ante el Estado de Alarma. Debemos actuar con precauci\u00f3n y respeto hacia nosotros\/as mismos\/as y hacia los dem\u00e1s.<\/p>\n<p>Esperemos que esta situaci\u00f3n de crisis sanitaria, social, econ\u00f3mica y humana pueda ser contenida a la mayor brevedad posible con la ayuda de todos y todas.<\/p>\n<p>A la espera de las decisiones que el Departamento de Educaci\u00f3n, y concretamente, la Viceconsejer\u00eda de FP pueda tomar en relaci\u00f3n a la suspensi\u00f3n de la actividad docente presencial, desde Zulaibar s\u00ed queremos y podemos trasladar un mensaje de calma y tranquilidad tanto al alumnado como a las familias en cuanto a la incertidumbre que genera la posibilidad de poder completar el programa formativo para el curso actual.<\/p>\n<p>En particular, para aquel alumnado de segundos cursos, queremos transmitir que desde la Viceconsejer\u00eda se est\u00e1 trabajando para ofrecer una respuesta educativa que permita superar el m\u00f3dulo de FCT, y que en cuanto a los centros se nos comunique la medida a adoptar nos pondremos a trabajar en ello.<\/p>\n<p>Agradezco sinceramente vuestra comprensi\u00f3n y colaboraci\u00f3n en estas circunstancias que requieren un compromiso colectivo.<\/p>\n<p>\u00c1nimo a todas y a todos!!!<\/p>\n<p>Un saludo<\/p>\n<p>Xabier Aldama V\u00e1zquez<\/p>\n<p>Zuzendaria<\/p>\n<p>&nbsp;<\/p>\n","protected":false},"excerpt":{"rendered":"<p>A la comunidad educativa de Arratiako Zulaibar Lanbide Ikastegia: Desde Zulaibar Ikastetxea, debido a la [&hellip;]<\/p>\n","protected":false},"author":1,"featured_media":4994,"comment_status":"closed","ping_status":"closed","sticky":false,"template":"","format":"standard","meta":[],"categories":[131],"tags":[],"yoast_head":"<!-- This site is optimized with the Yoast SEO plugin v20.5 - https:\/\/yoast.com\/wordpress\/plugins\/seo\/ -->\n<title>Comunicado oficial - Zulaibar Arratiako Lanbide Ikastegia<\/title>\n<meta name=\"robots\" content=\"index, follow, max-snippet:-1, max-image-preview:large, max-video-preview:-1\" \/>\n<link rel=\"canonical\" href=\"https:\/\/www.zulaibar.net\/es\/comunicado-oficial\/\" \/>\n<meta property=\"og:locale\" content=\"es_ES\" \/>\n<meta property=\"og:type\" content=\"article\" \/>\n<meta property=\"og:title\" content=\"Comunicado oficial - Zulaibar Arratiako Lanbide Ikastegia\" \/>\n<meta property=\"og:description\" content=\"A la comunidad educativa de Arratiako Zulaibar Lanbide Ikastegia: Desde Zulaibar Ikastetxea, debido a la [&hellip;]\" \/>\n<meta property=\"og:url\" content=\"https:\/\/www.zulaibar.net\/es\/comunicado-oficial\/\" \/>\n<meta property=\"og:site_name\" content=\"Zulaibar Arratiako Lanbide Ikastegia\" \/>\n<meta property=\"article:publisher\" content=\"https:\/\/www.facebook.com\/zulaibar.arratiakolanbideikastegia\" \/>\n<meta property=\"article:published_time\" content=\"2020-04-06T16:09:57+00:00\" \/>\n<meta property=\"og:image\" content=\"https:\/\/www.zulaibar.net\/wp-content\/uploads\/2020\/04\/white-wooden-rectangular-table-159213-1024x683.jpg\" \/>\n\t<meta property=\"og:image:width\" content=\"1024\" \/>\n\t<meta property=\"og:image:height\" content=\"683\" \/>\n\t<meta property=\"og:image:type\" content=\"image\/jpeg\" \/>\n<meta name=\"author\" content=\"administrador\" \/>\n<meta name=\"twitter:label1\" content=\"Escrito por\" \/>\n\t<meta name=\"twitter:data1\" content=\"administrador\" \/>\n\t<meta name=\"twitter:label2\" content=\"Tiempo de lectura\" \/>\n\t<meta name=\"twitter:data2\" content=\"1 minuto\" \/>\n<script type=\"application\/ld+json\" class=\"yoast-schema-graph\">{\"@context\":\"https:\/\/schema.org\",\"@graph\":[{\"@type\":\"WebPage\",\"@id\":\"https:\/\/www.zulaibar.net\/es\/comunicado-oficial\/\",\"url\":\"https:\/\/www.zulaibar.net\/es\/comunicado-oficial\/\",\"name\":\"Comunicado oficial - Zulaibar Arratiako Lanbide Ikastegia\",\"isPartOf\":{\"@id\":\"https:\/\/www.zulaibar.net\/#website\"},\"datePublished\":\"2020-04-06T16:09:57+00:00\",\"dateModified\":\"2020-04-06T16:09:57+00:00\",\"author\":{\"@id\":\"https:\/\/www.zulaibar.net\/#\/schema\/person\/54d5ffd7f8b17e774c2a99587e0798bb\"},\"breadcrumb\":{\"@id\":\"https:\/\/www.zulaibar.net\/es\/comunicado-oficial\/#breadcrumb\"},\"inLanguage\":\"es\",\"potentialAction\":[{\"@type\":\"ReadAction\",\"target\":[\"https:\/\/www.zulaibar.net\/es\/comunicado-oficial\/\"]}]},{\"@type\":\"BreadcrumbList\",\"@id\":\"https:\/\/www.zulaibar.net\/es\/comunicado-oficial\/#breadcrumb\",\"itemListElement\":[{\"@type\":\"ListItem\",\"position\":1,\"name\":\"Portada\",\"item\":\"https:\/\/www.zulaibar.net\/es\/\"},{\"@type\":\"ListItem\",\"position\":2,\"name\":\"Comunicado oficial\"}]},{\"@type\":\"WebSite\",\"@id\":\"https:\/\/www.zulaibar.net\/#website\",\"url\":\"https:\/\/www.zulaibar.net\/\",\"name\":\"Zulaibar Arratiako Lanbide Ikastegia\",\"description\":\"Zulaibar Arratiako Lanbide Ikastegiaren web gunea\",\"potentialAction\":[{\"@type\":\"SearchAction\",\"target\":{\"@type\":\"EntryPoint\",\"urlTemplate\":\"https:\/\/www.zulaibar.net\/?s={search_term_string}\"},\"query-input\":\"required name=search_term_string\"}],\"inLanguage\":\"es\"},{\"@type\":\"Person\",\"@id\":\"https:\/\/www.zulaibar.net\/#\/schema\/person\/54d5ffd7f8b17e774c2a99587e0798bb\",\"name\":\"administrador\",\"url\":\"https:\/\/www.zulaibar.net\/es\/author\/administrador\/\"}]}<\/script>\n<!-- \/ Yoast SEO plugin. -->","yoast_head_json":{"title":"Comunicado oficial - Zulaibar Arratiako Lanbide Ikastegia","robots":{"index":"index","follow":"follow","max-snippet":"max-snippet:-1","max-image-preview":"max-image-preview:large","max-video-preview":"max-video-preview:-1"},"canonical":"https:\/\/www.zulaibar.net\/es\/comunicado-oficial\/","og_locale":"es_ES","og_type":"article","og_title":"Comunicado oficial - Zulaibar Arratiako Lanbide Ikastegia","og_description":"A la comunidad educativa de Arratiako Zulaibar Lanbide Ikastegia: Desde Zulaibar Ikastetxea, debido a la [&hellip;]","og_url":"https:\/\/www.zulaibar.net\/es\/comunicado-oficial\/","og_site_name":"Zulaibar Arratiako Lanbide Ikastegia","article_publisher":"https:\/\/www.facebook.com\/zulaibar.arratiakolanbideikastegia","article_published_time":"2020-04-06T16:09:57+00:00","og_image":[{"width":1024,"height":683,"url":"https:\/\/www.zulaibar.net\/wp-content\/uploads\/2020\/04\/white-wooden-rectangular-table-159213-1024x683.jpg","type":"image\/jpeg"}],"author":"administrador","twitter_misc":{"Escrito por":"administrador","Tiempo de lectura":"1 minuto"},"schema":{"@context":"https:\/\/schema.org","@graph":[{"@type":"WebPage","@id":"https:\/\/www.zulaibar.net\/es\/comunicado-oficial\/","url":"https:\/\/www.zulaibar.net\/es\/comunicado-oficial\/","name":"Comunicado oficial - Zulaibar Arratiako Lanbide Ikastegia","isPartOf":{"@id":"https:\/\/www.zulaibar.net\/#website"},"datePublished":"2020-04-06T16:09:57+00:00","dateModified":"2020-04-06T16:09:57+00:00","author":{"@id":"https:\/\/www.zulaibar.net\/#\/schema\/person\/54d5ffd7f8b17e774c2a99587e0798bb"},"breadcrumb":{"@id":"https:\/\/www.zulaibar.net\/es\/comunicado-oficial\/#breadcrumb"},"inLanguage":"es","potentialAction":[{"@type":"ReadAction","target":["https:\/\/www.zulaibar.net\/es\/comunicado-oficial\/"]}]},{"@type":"BreadcrumbList","@id":"https:\/\/www.zulaibar.net\/es\/comunicado-oficial\/#breadcrumb","itemListElement":[{"@type":"ListItem","position":1,"name":"Portada","item":"https:\/\/www.zulaibar.net\/es\/"},{"@type":"ListItem","position":2,"name":"Comunicado oficial"}]},{"@type":"WebSite","@id":"https:\/\/www.zulaibar.net\/#website","url":"https:\/\/www.zulaibar.net\/","name":"Zulaibar Arratiako Lanbide Ikastegia","description":"Zulaibar Arratiako Lanbide Ikastegiaren web gunea","potentialAction":[{"@type":"SearchAction","target":{"@type":"EntryPoint","urlTemplate":"https:\/\/www.zulaibar.net\/?s={search_term_string}"},"query-input":"required name=search_term_string"}],"inLanguage":"es"},{"@type":"Person","@id":"https:\/\/www.zulaibar.net\/#\/schema\/person\/54d5ffd7f8b17e774c2a99587e0798bb","name":"administrador","url":"https:\/\/www.zulaibar.net\/es\/author\/administrador\/"}]}},"_links":{"self":[{"href":"https:\/\/www.zulaibar.net\/es\/wp-json\/wp\/v2\/posts\/4997"}],"collection":[{"href":"https:\/\/www.zulaibar.net\/es\/wp-json\/wp\/v2\/posts"}],"about":[{"href":"https:\/\/www.zulaibar.net\/es\/wp-json\/wp\/v2\/types\/post"}],"author":[{"embeddable":true,"href":"https:\/\/www.zulaibar.net\/es\/wp-json\/wp\/v2\/users\/1"}],"replies":[{"embeddable":true,"href":"https:\/\/www.zulaibar.net\/es\/wp-json\/wp\/v2\/comments?post=4997"}],"version-history":[{"count":1,"href":"https:\/\/www.zulaibar.net\/es\/wp-json\/wp\/v2\/posts\/4997\/revisions"}],"predecessor-version":[{"id":4998,"href":"https:\/\/www.zulaibar.net\/es\/wp-json\/wp\/v2\/posts\/4997\/revisions\/4998"}],"wp:featuredmedia":[{"embeddable":true,"href":"https:\/\/www.zulaibar.net\/es\/wp-json\/wp\/v2\/media\/4994"}],"wp:attachment":[{"href":"https:\/\/www.zulaibar.net\/es\/wp-json\/wp\/v2\/media?parent=4997"}],"wp:term":[{"taxonomy":"category","embeddable":true,"href":"https:\/\/www.zulaibar.net\/es\/wp-json\/wp\/v2\/categories?post=4997"},{"taxonomy":"post_tag","embeddable":true,"href":"https:\/\/www.zulaibar.net\/es\/wp-json\/wp\/v2\/tags?post=4997"}],"curies":[{"name":"wp","href":"https:\/\/api.w.org\/{rel}","templated":true}]}}