{"id":5681,"date":"2022-04-08T12:27:07","date_gmt":"2022-04-08T11:27:07","guid":{"rendered":"https:\/\/www.zulaibar.net\/es\/?p=5681"},"modified":"2022-04-08T12:27:07","modified_gmt":"2022-04-08T11:27:07","slug":"jornada-puertas-abiertas-centro-formacion-profesional-zulaibar","status":"publish","type":"post","link":"https:\/\/www.zulaibar.net\/es\/jornada-puertas-abiertas-centro-formacion-profesional-zulaibar\/","title":{"rendered":"Jornada de Puertas Abiertas en el Centro de Formaci\u00f3n Profesional Zulaibar"},"content":{"rendered":"<p><strong>El d\u00eda 11 de mayo Zulaibar abrir\u00e1 sus puertas para dar a conocer su proyecto educativo<\/strong><\/p>\n<p>Las visitas a las instalaciones permiten <strong>conocer en mayor profundidad los proyectos educativos<\/strong>. El Centro de Formaci\u00f3n Profesional Zulaibar ofrece una jornada de puertas abiertas el d\u00eda 11 de mayo a las 18:00. Las personas interesadas en asistir podr\u00e1n apuntarse a trav\u00e9s del siguiente formulario: <a href=\"https:\/\/forms.office.com\/Pages\/ResponsePage.aspx?id=XlvhtNioa0mjUiDR7S0G3tbNiylGj2BAn6q0do-mqSBUQ1JCM1JGRU1XTVkzVDRRN1ZSVTJDWDlUQyQlQCN0PWcu\">https:\/\/forms.office.com\/Pages\/ResponsePage.aspx?id=XlvhtNioa0mjUiDR7S0G3tbNiylGj2BAn6q0do-mqSBUQ1JCM1JGRU1XTVkzVDRRN1ZSVTJDWDlUQyQlQCN0PWcu<\/a><\/p>\n<p>Zulaibar Lanbide Ikastegia se encuentra en un momento de cambio, de mejora.<strong> El proyecto Campus Zulaibar va a impulsar la oferta formativa del centro<\/strong>, adem\u00e1s de fortalecer su relaci\u00f3n con las empresas y los agentes socioecon\u00f3micos del entorno. <strong>El nuevo alumnado es parte imprescindible<\/strong> del proceso de fortalecimiento.<\/p>\n<p><strong>Momento de encuentro <\/strong><\/p>\n<p>Las jornadas de puertas abiertas dan la oportunidad de conocer de primera mano las caracter\u00edsticas y virtudes del proyecto educativo en cuesti\u00f3n. Tambi\u00e9n son una oportunidad para familiarizarse con el entorno y <strong>para interactuar con los y las profesionales<\/strong> encargados de liderar el proceso de aprendizaje.<\/p>\n","protected":false},"excerpt":{"rendered":"<p>El d\u00eda 11 de mayo Zulaibar abrir\u00e1 sus puertas para dar a conocer su proyecto [&hellip;]<\/p>\n","protected":false},"author":1,"featured_media":5678,"comment_status":"closed","ping_status":"closed","sticky":false,"template":"","format":"standard","meta":[],"categories":[7],"tags":[],"yoast_head":"<!-- This site is optimized with the Yoast SEO plugin v20.5 - https:\/\/yoast.com\/wordpress\/plugins\/seo\/ -->\n<title>Jornada de Puertas Abiertas en el Centro de Formaci\u00f3n Profesional Zulaibar - Zulaibar Arratiako Lanbide Ikastegia<\/title>\n<meta name=\"robots\" content=\"index, follow, max-snippet:-1, max-image-preview:large, max-video-preview:-1\" \/>\n<link rel=\"canonical\" href=\"https:\/\/www.zulaibar.net\/es\/jornada-puertas-abiertas-centro-formacion-profesional-zulaibar\/\" \/>\n<meta property=\"og:locale\" content=\"es_ES\" \/>\n<meta property=\"og:type\" content=\"article\" \/>\n<meta property=\"og:title\" content=\"Jornada de Puertas Abiertas en el Centro de Formaci\u00f3n Profesional Zulaibar - Zulaibar Arratiako Lanbide Ikastegia\" \/>\n<meta property=\"og:description\" content=\"El d\u00eda 11 de mayo Zulaibar abrir\u00e1 sus puertas para dar a conocer su proyecto [&hellip;]\" \/>\n<meta property=\"og:url\" content=\"https:\/\/www.zulaibar.net\/es\/jornada-puertas-abiertas-centro-formacion-profesional-zulaibar\/\" \/>\n<meta property=\"og:site_name\" content=\"Zulaibar Arratiako Lanbide Ikastegia\" \/>\n<meta property=\"article:publisher\" content=\"https:\/\/www.facebook.com\/zulaibar.arratiakolanbideikastegia\" \/>\n<meta property=\"article:published_time\" content=\"2022-04-08T11:27:07+00:00\" \/>\n<meta property=\"og:image\" content=\"https:\/\/www.zulaibar.net\/wp-content\/uploads\/2022\/04\/Captura.jpg\" \/>\n\t<meta property=\"og:image:width\" content=\"1378\" \/>\n\t<meta property=\"og:image:height\" content=\"912\" \/>\n\t<meta property=\"og:image:type\" content=\"image\/jpeg\" \/>\n<meta name=\"author\" content=\"administrador\" \/>\n<meta name=\"twitter:label1\" content=\"Escrito por\" \/>\n\t<meta name=\"twitter:data1\" content=\"administrador\" \/>\n\t<meta name=\"twitter:label2\" content=\"Tiempo de lectura\" \/>\n\t<meta name=\"twitter:data2\" content=\"1 minuto\" \/>\n<script type=\"application\/ld+json\" class=\"yoast-schema-graph\">{\"@context\":\"https:\/\/schema.org\",\"@graph\":[{\"@type\":\"WebPage\",\"@id\":\"https:\/\/www.zulaibar.net\/es\/jornada-puertas-abiertas-centro-formacion-profesional-zulaibar\/\",\"url\":\"https:\/\/www.zulaibar.net\/es\/jornada-puertas-abiertas-centro-formacion-profesional-zulaibar\/\",\"name\":\"Jornada de Puertas Abiertas en el Centro de Formaci\u00f3n Profesional Zulaibar - Zulaibar Arratiako Lanbide Ikastegia\",\"isPartOf\":{\"@id\":\"https:\/\/www.zulaibar.net\/#website\"},\"datePublished\":\"2022-04-08T11:27:07+00:00\",\"dateModified\":\"2022-04-08T11:27:07+00:00\",\"author\":{\"@id\":\"https:\/\/www.zulaibar.net\/#\/schema\/person\/54d5ffd7f8b17e774c2a99587e0798bb\"},\"breadcrumb\":{\"@id\":\"https:\/\/www.zulaibar.net\/es\/jornada-puertas-abiertas-centro-formacion-profesional-zulaibar\/#breadcrumb\"},\"inLanguage\":\"es\",\"potentialAction\":[{\"@type\":\"ReadAction\",\"target\":[\"https:\/\/www.zulaibar.net\/es\/jornada-puertas-abiertas-centro-formacion-profesional-zulaibar\/\"]}]},{\"@type\":\"BreadcrumbList\",\"@id\":\"https:\/\/www.zulaibar.net\/es\/jornada-puertas-abiertas-centro-formacion-profesional-zulaibar\/#breadcrumb\",\"itemListElement\":[{\"@type\":\"ListItem\",\"position\":1,\"name\":\"Portada\",\"item\":\"https:\/\/www.zulaibar.net\/es\/\"},{\"@type\":\"ListItem\",\"position\":2,\"name\":\"Jornada de Puertas Abiertas en el Centro de Formaci\u00f3n Profesional Zulaibar\"}]},{\"@type\":\"WebSite\",\"@id\":\"https:\/\/www.zulaibar.net\/#website\",\"url\":\"https:\/\/www.zulaibar.net\/\",\"name\":\"Zulaibar Arratiako Lanbide Ikastegia\",\"description\":\"Zulaibar Arratiako Lanbide Ikastegiaren web gunea\",\"potentialAction\":[{\"@type\":\"SearchAction\",\"target\":{\"@type\":\"EntryPoint\",\"urlTemplate\":\"https:\/\/www.zulaibar.net\/?s={search_term_string}\"},\"query-input\":\"required name=search_term_string\"}],\"inLanguage\":\"es\"},{\"@type\":\"Person\",\"@id\":\"https:\/\/www.zulaibar.net\/#\/schema\/person\/54d5ffd7f8b17e774c2a99587e0798bb\",\"name\":\"administrador\",\"url\":\"https:\/\/www.zulaibar.net\/es\/author\/administrador\/\"}]}<\/script>\n<!-- \/ Yoast SEO plugin. -->","yoast_head_json":{"title":"Jornada de Puertas Abiertas en el Centro de Formaci\u00f3n Profesional Zulaibar - Zulaibar Arratiako Lanbide Ikastegia","robots":{"index":"index","follow":"follow","max-snippet":"max-snippet:-1","max-image-preview":"max-image-preview:large","max-video-preview":"max-video-preview:-1"},"canonical":"https:\/\/www.zulaibar.net\/es\/jornada-puertas-abiertas-centro-formacion-profesional-zulaibar\/","og_locale":"es_ES","og_type":"article","og_title":"Jornada de Puertas Abiertas en el Centro de Formaci\u00f3n Profesional Zulaibar - Zulaibar Arratiako Lanbide Ikastegia","og_description":"El d\u00eda 11 de mayo Zulaibar abrir\u00e1 sus puertas para dar a conocer su proyecto [&hellip;]","og_url":"https:\/\/www.zulaibar.net\/es\/jornada-puertas-abiertas-centro-formacion-profesional-zulaibar\/","og_site_name":"Zulaibar Arratiako Lanbide Ikastegia","article_publisher":"https:\/\/www.facebook.com\/zulaibar.arratiakolanbideikastegia","article_published_time":"2022-04-08T11:27:07+00:00","og_image":[{"width":1378,"height":912,"url":"https:\/\/www.zulaibar.net\/wp-content\/uploads\/2022\/04\/Captura.jpg","type":"image\/jpeg"}],"author":"administrador","twitter_misc":{"Escrito por":"administrador","Tiempo de lectura":"1 minuto"},"schema":{"@context":"https:\/\/schema.org","@graph":[{"@type":"WebPage","@id":"https:\/\/www.zulaibar.net\/es\/jornada-puertas-abiertas-centro-formacion-profesional-zulaibar\/","url":"https:\/\/www.zulaibar.net\/es\/jornada-puertas-abiertas-centro-formacion-profesional-zulaibar\/","name":"Jornada de Puertas Abiertas en el Centro de Formaci\u00f3n Profesional Zulaibar - Zulaibar Arratiako Lanbide Ikastegia","isPartOf":{"@id":"https:\/\/www.zulaibar.net\/#website"},"datePublished":"2022-04-08T11:27:07+00:00","dateModified":"2022-04-08T11:27:07+00:00","author":{"@id":"https:\/\/www.zulaibar.net\/#\/schema\/person\/54d5ffd7f8b17e774c2a99587e0798bb"},"breadcrumb":{"@id":"https:\/\/www.zulaibar.net\/es\/jornada-puertas-abiertas-centro-formacion-profesional-zulaibar\/#breadcrumb"},"inLanguage":"es","potentialAction":[{"@type":"ReadAction","target":["https:\/\/www.zulaibar.net\/es\/jornada-puertas-abiertas-centro-formacion-profesional-zulaibar\/"]}]},{"@type":"BreadcrumbList","@id":"https:\/\/www.zulaibar.net\/es\/jornada-puertas-abiertas-centro-formacion-profesional-zulaibar\/#breadcrumb","itemListElement":[{"@type":"ListItem","position":1,"name":"Portada","item":"https:\/\/www.zulaibar.net\/es\/"},{"@type":"ListItem","position":2,"name":"Jornada de Puertas Abiertas en el Centro de Formaci\u00f3n Profesional Zulaibar"}]},{"@type":"WebSite","@id":"https:\/\/www.zulaibar.net\/#website","url":"https:\/\/www.zulaibar.net\/","name":"Zulaibar Arratiako Lanbide Ikastegia","description":"Zulaibar Arratiako Lanbide Ikastegiaren web gunea","potentialAction":[{"@type":"SearchAction","target":{"@type":"EntryPoint","urlTemplate":"https:\/\/www.zulaibar.net\/?s={search_term_string}"},"query-input":"required name=search_term_string"}],"inLanguage":"es"},{"@type":"Person","@id":"https:\/\/www.zulaibar.net\/#\/schema\/person\/54d5ffd7f8b17e774c2a99587e0798bb","name":"administrador","url":"https:\/\/www.zulaibar.net\/es\/author\/administrador\/"}]}},"_links":{"self":[{"href":"https:\/\/www.zulaibar.net\/es\/wp-json\/wp\/v2\/posts\/5681"}],"collection":[{"href":"https:\/\/www.zulaibar.net\/es\/wp-json\/wp\/v2\/posts"}],"about":[{"href":"https:\/\/www.zulaibar.net\/es\/wp-json\/wp\/v2\/types\/post"}],"author":[{"embeddable":true,"href":"https:\/\/www.zulaibar.net\/es\/wp-json\/wp\/v2\/users\/1"}],"replies":[{"embeddable":true,"href":"https:\/\/www.zulaibar.net\/es\/wp-json\/wp\/v2\/comments?post=5681"}],"version-history":[{"count":1,"href":"https:\/\/www.zulaibar.net\/es\/wp-json\/wp\/v2\/posts\/5681\/revisions"}],"predecessor-version":[{"id":5682,"href":"https:\/\/www.zulaibar.net\/es\/wp-json\/wp\/v2\/posts\/5681\/revisions\/5682"}],"wp:featuredmedia":[{"embeddable":true,"href":"https:\/\/www.zulaibar.net\/es\/wp-json\/wp\/v2\/media\/5678"}],"wp:attachment":[{"href":"https:\/\/www.zulaibar.net\/es\/wp-json\/wp\/v2\/media?parent=5681"}],"wp:term":[{"taxonomy":"category","embeddable":true,"href":"https:\/\/www.zulaibar.net\/es\/wp-json\/wp\/v2\/categories?post=5681"},{"taxonomy":"post_tag","embeddable":true,"href":"https:\/\/www.zulaibar.net\/es\/wp-json\/wp\/v2\/tags?post=5681"}],"curies":[{"name":"wp","href":"https:\/\/api.w.org\/{rel}","templated":true}]}}