{"id":5732,"date":"2022-06-03T12:46:48","date_gmt":"2022-06-03T11:46:48","guid":{"rendered":"https:\/\/www.zulaibar.net\/es\/?p=5732"},"modified":"2022-06-03T12:46:48","modified_gmt":"2022-06-03T11:46:48","slug":"la-alta-insercion-laboral-empuja-la-formacion-profesional","status":"publish","type":"post","link":"https:\/\/www.zulaibar.net\/es\/la-alta-insercion-laboral-empuja-la-formacion-profesional\/","title":{"rendered":"La alta inserci\u00f3n laboral empuja a la Formaci\u00f3n Profesional"},"content":{"rendered":"<p><strong>Los datos de Zulaibar Lanbide Ikastegia van acordes a la alta empleabilidad general en la FP<\/strong><\/p>\n<p>La Formaci\u00f3n Profesional no para de crecer, la apuesta inequ\u00edvoca de las instituciones y la demanda de las empresas impulsa esta opci\u00f3n educativa de impacto. En Euskadi, el \u00edndice de empleabilidad es de un 87%, seg\u00fan datos compartidos por Jorge Ar\u00e9valo, viceconsejero de Formaci\u00f3n Profesional del Gobierno Vasco. Datos que van acorde con los de Zulaibar Lanbide Ikastegia.<\/p>\n<p>Prueba de ello son los n\u00fameros que manejan dos de nuestros cursos: el de t\u00e9cnico en mecanizado y el de t\u00e9cnico en dise\u00f1o en fabricaci\u00f3n mec\u00e1nica. El alumnado de mecanizado que complet\u00f3 sus estudios en el curso 2019-2020 tiene una tasa de inserci\u00f3n laboral del 89%, y los que terminaron el curso 2020-2021, del 76%. En este curso, el 75% realiza FP Dual y el 25% est\u00e1 en pr\u00e1cticas.<\/p>\n<p>En cuanto al alumnado de dise\u00f1o en fabricaci\u00f3n mec\u00e1nica, un 78% de los graduados en el curso 2019-2020 est\u00e1n trabajando, y un significativo 92% de los graduados en el curso 2020-2021 est\u00e1 de alta en diferentes empresas.\u00a0 Este curso, el 100% del alumnado est\u00e1 de pr\u00e1cticas.<\/p>\n<p>La tendencia al alza es clara. Sobre todo en ciertos sectores. Los vinculados a la digitalizaci\u00f3n y a las nuevas tecnolog\u00edas demandan cada vez m\u00e1s trabajadores y trabajadoras; encuentran en la FP la respuesta a muchas de sus demandas de profesionales. Por ese motivo, Zulaibar ha apostado por dar un empuje a la innovaci\u00f3n a trav\u00e9s de las instalaciones del Campus Zulaibar o el lanzamiento de grados que satisfacen los requerimientos del tejido industrial, como puede ser el nuevo grado en t\u00e9cnico superior en automatizaci\u00f3n y rob\u00f3tica industrial.<\/p>\n","protected":false},"excerpt":{"rendered":"<p>Los datos de Zulaibar Lanbide Ikastegia van acordes a la alta empleabilidad general en la [&hellip;]<\/p>\n","protected":false},"author":1,"featured_media":5727,"comment_status":"closed","ping_status":"closed","sticky":false,"template":"","format":"standard","meta":[],"categories":[7],"tags":[],"yoast_head":"<!-- This site is optimized with the Yoast SEO plugin v20.5 - https:\/\/yoast.com\/wordpress\/plugins\/seo\/ -->\n<title>La alta inserci\u00f3n laboral empuja a la Formaci\u00f3n Profesional - Zulaibar Arratiako Lanbide Ikastegia<\/title>\n<meta name=\"robots\" content=\"index, follow, max-snippet:-1, max-image-preview:large, max-video-preview:-1\" \/>\n<link rel=\"canonical\" href=\"https:\/\/www.zulaibar.net\/es\/la-alta-insercion-laboral-empuja-la-formacion-profesional\/\" \/>\n<meta property=\"og:locale\" content=\"es_ES\" \/>\n<meta property=\"og:type\" content=\"article\" \/>\n<meta property=\"og:title\" content=\"La alta inserci\u00f3n laboral empuja a la Formaci\u00f3n Profesional - Zulaibar Arratiako Lanbide Ikastegia\" \/>\n<meta property=\"og:description\" content=\"Los datos de Zulaibar Lanbide Ikastegia van acordes a la alta empleabilidad general en la [&hellip;]\" \/>\n<meta property=\"og:url\" content=\"https:\/\/www.zulaibar.net\/es\/la-alta-insercion-laboral-empuja-la-formacion-profesional\/\" \/>\n<meta property=\"og:site_name\" content=\"Zulaibar Arratiako Lanbide Ikastegia\" \/>\n<meta property=\"article:publisher\" content=\"https:\/\/www.facebook.com\/zulaibar.arratiakolanbideikastegia\" \/>\n<meta property=\"article:published_time\" content=\"2022-06-03T11:46:48+00:00\" \/>\n<meta property=\"og:image\" content=\"https:\/\/www.zulaibar.net\/wp-content\/uploads\/2022\/06\/3.png\" \/>\n\t<meta property=\"og:image:width\" content=\"1080\" \/>\n\t<meta property=\"og:image:height\" content=\"1080\" \/>\n\t<meta property=\"og:image:type\" content=\"image\/png\" \/>\n<meta name=\"author\" content=\"administrador\" \/>\n<meta name=\"twitter:label1\" content=\"Escrito por\" \/>\n\t<meta name=\"twitter:data1\" content=\"administrador\" \/>\n\t<meta name=\"twitter:label2\" content=\"Tiempo de lectura\" \/>\n\t<meta name=\"twitter:data2\" content=\"1 minuto\" \/>\n<script type=\"application\/ld+json\" class=\"yoast-schema-graph\">{\"@context\":\"https:\/\/schema.org\",\"@graph\":[{\"@type\":\"WebPage\",\"@id\":\"https:\/\/www.zulaibar.net\/es\/la-alta-insercion-laboral-empuja-la-formacion-profesional\/\",\"url\":\"https:\/\/www.zulaibar.net\/es\/la-alta-insercion-laboral-empuja-la-formacion-profesional\/\",\"name\":\"La alta inserci\u00f3n laboral empuja a la Formaci\u00f3n Profesional - Zulaibar Arratiako Lanbide Ikastegia\",\"isPartOf\":{\"@id\":\"https:\/\/www.zulaibar.net\/#website\"},\"datePublished\":\"2022-06-03T11:46:48+00:00\",\"dateModified\":\"2022-06-03T11:46:48+00:00\",\"author\":{\"@id\":\"https:\/\/www.zulaibar.net\/#\/schema\/person\/54d5ffd7f8b17e774c2a99587e0798bb\"},\"breadcrumb\":{\"@id\":\"https:\/\/www.zulaibar.net\/es\/la-alta-insercion-laboral-empuja-la-formacion-profesional\/#breadcrumb\"},\"inLanguage\":\"es\",\"potentialAction\":[{\"@type\":\"ReadAction\",\"target\":[\"https:\/\/www.zulaibar.net\/es\/la-alta-insercion-laboral-empuja-la-formacion-profesional\/\"]}]},{\"@type\":\"BreadcrumbList\",\"@id\":\"https:\/\/www.zulaibar.net\/es\/la-alta-insercion-laboral-empuja-la-formacion-profesional\/#breadcrumb\",\"itemListElement\":[{\"@type\":\"ListItem\",\"position\":1,\"name\":\"Portada\",\"item\":\"https:\/\/www.zulaibar.net\/es\/\"},{\"@type\":\"ListItem\",\"position\":2,\"name\":\"La alta inserci\u00f3n laboral empuja a la Formaci\u00f3n Profesional\"}]},{\"@type\":\"WebSite\",\"@id\":\"https:\/\/www.zulaibar.net\/#website\",\"url\":\"https:\/\/www.zulaibar.net\/\",\"name\":\"Zulaibar Arratiako Lanbide Ikastegia\",\"description\":\"Zulaibar Arratiako Lanbide Ikastegiaren web gunea\",\"potentialAction\":[{\"@type\":\"SearchAction\",\"target\":{\"@type\":\"EntryPoint\",\"urlTemplate\":\"https:\/\/www.zulaibar.net\/?s={search_term_string}\"},\"query-input\":\"required name=search_term_string\"}],\"inLanguage\":\"es\"},{\"@type\":\"Person\",\"@id\":\"https:\/\/www.zulaibar.net\/#\/schema\/person\/54d5ffd7f8b17e774c2a99587e0798bb\",\"name\":\"administrador\",\"url\":\"https:\/\/www.zulaibar.net\/es\/author\/administrador\/\"}]}<\/script>\n<!-- \/ Yoast SEO plugin. -->","yoast_head_json":{"title":"La alta inserci\u00f3n laboral empuja a la Formaci\u00f3n Profesional - Zulaibar Arratiako Lanbide Ikastegia","robots":{"index":"index","follow":"follow","max-snippet":"max-snippet:-1","max-image-preview":"max-image-preview:large","max-video-preview":"max-video-preview:-1"},"canonical":"https:\/\/www.zulaibar.net\/es\/la-alta-insercion-laboral-empuja-la-formacion-profesional\/","og_locale":"es_ES","og_type":"article","og_title":"La alta inserci\u00f3n laboral empuja a la Formaci\u00f3n Profesional - Zulaibar Arratiako Lanbide Ikastegia","og_description":"Los datos de Zulaibar Lanbide Ikastegia van acordes a la alta empleabilidad general en la [&hellip;]","og_url":"https:\/\/www.zulaibar.net\/es\/la-alta-insercion-laboral-empuja-la-formacion-profesional\/","og_site_name":"Zulaibar Arratiako Lanbide Ikastegia","article_publisher":"https:\/\/www.facebook.com\/zulaibar.arratiakolanbideikastegia","article_published_time":"2022-06-03T11:46:48+00:00","og_image":[{"width":1080,"height":1080,"url":"https:\/\/www.zulaibar.net\/wp-content\/uploads\/2022\/06\/3.png","type":"image\/png"}],"author":"administrador","twitter_misc":{"Escrito por":"administrador","Tiempo de lectura":"1 minuto"},"schema":{"@context":"https:\/\/schema.org","@graph":[{"@type":"WebPage","@id":"https:\/\/www.zulaibar.net\/es\/la-alta-insercion-laboral-empuja-la-formacion-profesional\/","url":"https:\/\/www.zulaibar.net\/es\/la-alta-insercion-laboral-empuja-la-formacion-profesional\/","name":"La alta inserci\u00f3n laboral empuja a la Formaci\u00f3n Profesional - Zulaibar Arratiako Lanbide Ikastegia","isPartOf":{"@id":"https:\/\/www.zulaibar.net\/#website"},"datePublished":"2022-06-03T11:46:48+00:00","dateModified":"2022-06-03T11:46:48+00:00","author":{"@id":"https:\/\/www.zulaibar.net\/#\/schema\/person\/54d5ffd7f8b17e774c2a99587e0798bb"},"breadcrumb":{"@id":"https:\/\/www.zulaibar.net\/es\/la-alta-insercion-laboral-empuja-la-formacion-profesional\/#breadcrumb"},"inLanguage":"es","potentialAction":[{"@type":"ReadAction","target":["https:\/\/www.zulaibar.net\/es\/la-alta-insercion-laboral-empuja-la-formacion-profesional\/"]}]},{"@type":"BreadcrumbList","@id":"https:\/\/www.zulaibar.net\/es\/la-alta-insercion-laboral-empuja-la-formacion-profesional\/#breadcrumb","itemListElement":[{"@type":"ListItem","position":1,"name":"Portada","item":"https:\/\/www.zulaibar.net\/es\/"},{"@type":"ListItem","position":2,"name":"La alta inserci\u00f3n laboral empuja a la Formaci\u00f3n Profesional"}]},{"@type":"WebSite","@id":"https:\/\/www.zulaibar.net\/#website","url":"https:\/\/www.zulaibar.net\/","name":"Zulaibar Arratiako Lanbide Ikastegia","description":"Zulaibar Arratiako Lanbide Ikastegiaren web gunea","potentialAction":[{"@type":"SearchAction","target":{"@type":"EntryPoint","urlTemplate":"https:\/\/www.zulaibar.net\/?s={search_term_string}"},"query-input":"required name=search_term_string"}],"inLanguage":"es"},{"@type":"Person","@id":"https:\/\/www.zulaibar.net\/#\/schema\/person\/54d5ffd7f8b17e774c2a99587e0798bb","name":"administrador","url":"https:\/\/www.zulaibar.net\/es\/author\/administrador\/"}]}},"_links":{"self":[{"href":"https:\/\/www.zulaibar.net\/es\/wp-json\/wp\/v2\/posts\/5732"}],"collection":[{"href":"https:\/\/www.zulaibar.net\/es\/wp-json\/wp\/v2\/posts"}],"about":[{"href":"https:\/\/www.zulaibar.net\/es\/wp-json\/wp\/v2\/types\/post"}],"author":[{"embeddable":true,"href":"https:\/\/www.zulaibar.net\/es\/wp-json\/wp\/v2\/users\/1"}],"replies":[{"embeddable":true,"href":"https:\/\/www.zulaibar.net\/es\/wp-json\/wp\/v2\/comments?post=5732"}],"version-history":[{"count":1,"href":"https:\/\/www.zulaibar.net\/es\/wp-json\/wp\/v2\/posts\/5732\/revisions"}],"predecessor-version":[{"id":5733,"href":"https:\/\/www.zulaibar.net\/es\/wp-json\/wp\/v2\/posts\/5732\/revisions\/5733"}],"wp:featuredmedia":[{"embeddable":true,"href":"https:\/\/www.zulaibar.net\/es\/wp-json\/wp\/v2\/media\/5727"}],"wp:attachment":[{"href":"https:\/\/www.zulaibar.net\/es\/wp-json\/wp\/v2\/media?parent=5732"}],"wp:term":[{"taxonomy":"category","embeddable":true,"href":"https:\/\/www.zulaibar.net\/es\/wp-json\/wp\/v2\/categories?post=5732"},{"taxonomy":"post_tag","embeddable":true,"href":"https:\/\/www.zulaibar.net\/es\/wp-json\/wp\/v2\/tags?post=5732"}],"curies":[{"name":"wp","href":"https:\/\/api.w.org\/{rel}","templated":true}]}}