{"id":5744,"date":"2022-06-10T10:29:29","date_gmt":"2022-06-10T09:29:29","guid":{"rendered":"https:\/\/www.zulaibar.net\/es\/?p=5744"},"modified":"2022-06-10T10:29:29","modified_gmt":"2022-06-10T09:29:29","slug":"nuevo-proyecto-internacional-marcha-zulaibar","status":"publish","type":"post","link":"https:\/\/www.zulaibar.net\/es\/nuevo-proyecto-internacional-marcha-zulaibar\/","title":{"rendered":"Nuevo proyecto internacional en marcha en Zulaibar"},"content":{"rendered":"<p><strong>Representantes de centros de FP europeos se re\u00fanen en Andoain para generar sinergias <\/strong><\/p>\n<p>Asier Merino, profesor del Grado Superior de Integraci\u00f3n Social y FP B\u00e1sica en Zulaibar, se ha reunido en el centro La Salle Berrozpe de Andoain con representantes de otros centros de FP de Europa para poner en marcha un <strong>nuevo proyecto internacional<\/strong>. La intenci\u00f3n es realizar un proyecto entre diferentes ciclos: el de Dise\u00f1o de Fabricaci\u00f3n Mec\u00e1nica del instituto Hans B\u00f6ckler de Colonia, el de Administraci\u00f3n y Finanzas de La Salle Berrozpe y el de Integraci\u00f3n Social en Zulaibar.<\/p>\n<p>El germen del proyecto nace en Bari, Italia, donde nuestro profesor Asier Merino asisti\u00f3 a una <strong>formaci\u00f3n en proyectos interdisciplinares<\/strong> de la mano de HETEL. Entre todos los centros internacionales que asistieron al encuentro,\u00a0 destaco el entendimiento con el centro alem\u00e1n Hans B\u00f6ckler, que qued\u00f3 gratamente sorprendido con el modelo de aprendizaje de Zulaibar. Una vez establecida una visi\u00f3n com\u00fan, se decidi\u00f3 <strong>iniciar una colaboraci\u00f3n<\/strong> que ha tenido su punto de partida en el encuentro realizado en Andoain. Agradecemos a Marco, Maider, Katrin e Ixa y al resto de profesionales implicados el esfuerzo realizado para avanzar en esta ilusionante iniciativa.<\/p>\n","protected":false},"excerpt":{"rendered":"<p>Representantes de centros de FP europeos se re\u00fanen en Andoain para generar sinergias Asier Merino, [&hellip;]<\/p>\n","protected":false},"author":1,"featured_media":5741,"comment_status":"closed","ping_status":"closed","sticky":false,"template":"","format":"standard","meta":[],"categories":[7],"tags":[],"yoast_head":"<!-- This site is optimized with the Yoast SEO plugin v20.5 - https:\/\/yoast.com\/wordpress\/plugins\/seo\/ -->\n<title>Nuevo proyecto internacional en marcha en Zulaibar - Zulaibar Arratiako Lanbide Ikastegia<\/title>\n<meta name=\"robots\" content=\"index, follow, max-snippet:-1, max-image-preview:large, max-video-preview:-1\" \/>\n<link rel=\"canonical\" href=\"https:\/\/www.zulaibar.net\/es\/nuevo-proyecto-internacional-marcha-zulaibar\/\" \/>\n<meta property=\"og:locale\" content=\"es_ES\" \/>\n<meta property=\"og:type\" content=\"article\" \/>\n<meta property=\"og:title\" content=\"Nuevo proyecto internacional en marcha en Zulaibar - Zulaibar Arratiako Lanbide Ikastegia\" \/>\n<meta property=\"og:description\" content=\"Representantes de centros de FP europeos se re\u00fanen en Andoain para generar sinergias Asier Merino, [&hellip;]\" \/>\n<meta property=\"og:url\" content=\"https:\/\/www.zulaibar.net\/es\/nuevo-proyecto-internacional-marcha-zulaibar\/\" \/>\n<meta property=\"og:site_name\" content=\"Zulaibar Arratiako Lanbide Ikastegia\" \/>\n<meta property=\"article:publisher\" content=\"https:\/\/www.facebook.com\/zulaibar.arratiakolanbideikastegia\" \/>\n<meta property=\"article:published_time\" content=\"2022-06-10T09:29:29+00:00\" \/>\n<meta property=\"og:image\" content=\"https:\/\/www.zulaibar.net\/wp-content\/uploads\/2022\/06\/bilera-andoainen.jpg\" \/>\n\t<meta property=\"og:image:width\" content=\"1269\" \/>\n\t<meta property=\"og:image:height\" content=\"1600\" \/>\n\t<meta property=\"og:image:type\" content=\"image\/jpeg\" \/>\n<meta name=\"author\" content=\"administrador\" \/>\n<meta name=\"twitter:label1\" content=\"Escrito por\" \/>\n\t<meta name=\"twitter:data1\" content=\"administrador\" \/>\n\t<meta name=\"twitter:label2\" content=\"Tiempo de lectura\" \/>\n\t<meta name=\"twitter:data2\" content=\"1 minuto\" \/>\n<script type=\"application\/ld+json\" class=\"yoast-schema-graph\">{\"@context\":\"https:\/\/schema.org\",\"@graph\":[{\"@type\":\"WebPage\",\"@id\":\"https:\/\/www.zulaibar.net\/es\/nuevo-proyecto-internacional-marcha-zulaibar\/\",\"url\":\"https:\/\/www.zulaibar.net\/es\/nuevo-proyecto-internacional-marcha-zulaibar\/\",\"name\":\"Nuevo proyecto internacional en marcha en Zulaibar - Zulaibar Arratiako Lanbide Ikastegia\",\"isPartOf\":{\"@id\":\"https:\/\/www.zulaibar.net\/#website\"},\"datePublished\":\"2022-06-10T09:29:29+00:00\",\"dateModified\":\"2022-06-10T09:29:29+00:00\",\"author\":{\"@id\":\"https:\/\/www.zulaibar.net\/#\/schema\/person\/54d5ffd7f8b17e774c2a99587e0798bb\"},\"breadcrumb\":{\"@id\":\"https:\/\/www.zulaibar.net\/es\/nuevo-proyecto-internacional-marcha-zulaibar\/#breadcrumb\"},\"inLanguage\":\"es\",\"potentialAction\":[{\"@type\":\"ReadAction\",\"target\":[\"https:\/\/www.zulaibar.net\/es\/nuevo-proyecto-internacional-marcha-zulaibar\/\"]}]},{\"@type\":\"BreadcrumbList\",\"@id\":\"https:\/\/www.zulaibar.net\/es\/nuevo-proyecto-internacional-marcha-zulaibar\/#breadcrumb\",\"itemListElement\":[{\"@type\":\"ListItem\",\"position\":1,\"name\":\"Portada\",\"item\":\"https:\/\/www.zulaibar.net\/es\/\"},{\"@type\":\"ListItem\",\"position\":2,\"name\":\"Nuevo proyecto internacional en marcha en Zulaibar\"}]},{\"@type\":\"WebSite\",\"@id\":\"https:\/\/www.zulaibar.net\/#website\",\"url\":\"https:\/\/www.zulaibar.net\/\",\"name\":\"Zulaibar Arratiako Lanbide Ikastegia\",\"description\":\"Zulaibar Arratiako Lanbide Ikastegiaren web gunea\",\"potentialAction\":[{\"@type\":\"SearchAction\",\"target\":{\"@type\":\"EntryPoint\",\"urlTemplate\":\"https:\/\/www.zulaibar.net\/?s={search_term_string}\"},\"query-input\":\"required name=search_term_string\"}],\"inLanguage\":\"es\"},{\"@type\":\"Person\",\"@id\":\"https:\/\/www.zulaibar.net\/#\/schema\/person\/54d5ffd7f8b17e774c2a99587e0798bb\",\"name\":\"administrador\",\"url\":\"https:\/\/www.zulaibar.net\/es\/author\/administrador\/\"}]}<\/script>\n<!-- \/ Yoast SEO plugin. -->","yoast_head_json":{"title":"Nuevo proyecto internacional en marcha en Zulaibar - Zulaibar Arratiako Lanbide Ikastegia","robots":{"index":"index","follow":"follow","max-snippet":"max-snippet:-1","max-image-preview":"max-image-preview:large","max-video-preview":"max-video-preview:-1"},"canonical":"https:\/\/www.zulaibar.net\/es\/nuevo-proyecto-internacional-marcha-zulaibar\/","og_locale":"es_ES","og_type":"article","og_title":"Nuevo proyecto internacional en marcha en Zulaibar - Zulaibar Arratiako Lanbide Ikastegia","og_description":"Representantes de centros de FP europeos se re\u00fanen en Andoain para generar sinergias Asier Merino, [&hellip;]","og_url":"https:\/\/www.zulaibar.net\/es\/nuevo-proyecto-internacional-marcha-zulaibar\/","og_site_name":"Zulaibar Arratiako Lanbide Ikastegia","article_publisher":"https:\/\/www.facebook.com\/zulaibar.arratiakolanbideikastegia","article_published_time":"2022-06-10T09:29:29+00:00","og_image":[{"width":1269,"height":1600,"url":"https:\/\/www.zulaibar.net\/wp-content\/uploads\/2022\/06\/bilera-andoainen.jpg","type":"image\/jpeg"}],"author":"administrador","twitter_misc":{"Escrito por":"administrador","Tiempo de lectura":"1 minuto"},"schema":{"@context":"https:\/\/schema.org","@graph":[{"@type":"WebPage","@id":"https:\/\/www.zulaibar.net\/es\/nuevo-proyecto-internacional-marcha-zulaibar\/","url":"https:\/\/www.zulaibar.net\/es\/nuevo-proyecto-internacional-marcha-zulaibar\/","name":"Nuevo proyecto internacional en marcha en Zulaibar - Zulaibar Arratiako Lanbide Ikastegia","isPartOf":{"@id":"https:\/\/www.zulaibar.net\/#website"},"datePublished":"2022-06-10T09:29:29+00:00","dateModified":"2022-06-10T09:29:29+00:00","author":{"@id":"https:\/\/www.zulaibar.net\/#\/schema\/person\/54d5ffd7f8b17e774c2a99587e0798bb"},"breadcrumb":{"@id":"https:\/\/www.zulaibar.net\/es\/nuevo-proyecto-internacional-marcha-zulaibar\/#breadcrumb"},"inLanguage":"es","potentialAction":[{"@type":"ReadAction","target":["https:\/\/www.zulaibar.net\/es\/nuevo-proyecto-internacional-marcha-zulaibar\/"]}]},{"@type":"BreadcrumbList","@id":"https:\/\/www.zulaibar.net\/es\/nuevo-proyecto-internacional-marcha-zulaibar\/#breadcrumb","itemListElement":[{"@type":"ListItem","position":1,"name":"Portada","item":"https:\/\/www.zulaibar.net\/es\/"},{"@type":"ListItem","position":2,"name":"Nuevo proyecto internacional en marcha en Zulaibar"}]},{"@type":"WebSite","@id":"https:\/\/www.zulaibar.net\/#website","url":"https:\/\/www.zulaibar.net\/","name":"Zulaibar Arratiako Lanbide Ikastegia","description":"Zulaibar Arratiako Lanbide Ikastegiaren web gunea","potentialAction":[{"@type":"SearchAction","target":{"@type":"EntryPoint","urlTemplate":"https:\/\/www.zulaibar.net\/?s={search_term_string}"},"query-input":"required name=search_term_string"}],"inLanguage":"es"},{"@type":"Person","@id":"https:\/\/www.zulaibar.net\/#\/schema\/person\/54d5ffd7f8b17e774c2a99587e0798bb","name":"administrador","url":"https:\/\/www.zulaibar.net\/es\/author\/administrador\/"}]}},"_links":{"self":[{"href":"https:\/\/www.zulaibar.net\/es\/wp-json\/wp\/v2\/posts\/5744"}],"collection":[{"href":"https:\/\/www.zulaibar.net\/es\/wp-json\/wp\/v2\/posts"}],"about":[{"href":"https:\/\/www.zulaibar.net\/es\/wp-json\/wp\/v2\/types\/post"}],"author":[{"embeddable":true,"href":"https:\/\/www.zulaibar.net\/es\/wp-json\/wp\/v2\/users\/1"}],"replies":[{"embeddable":true,"href":"https:\/\/www.zulaibar.net\/es\/wp-json\/wp\/v2\/comments?post=5744"}],"version-history":[{"count":1,"href":"https:\/\/www.zulaibar.net\/es\/wp-json\/wp\/v2\/posts\/5744\/revisions"}],"predecessor-version":[{"id":5745,"href":"https:\/\/www.zulaibar.net\/es\/wp-json\/wp\/v2\/posts\/5744\/revisions\/5745"}],"wp:featuredmedia":[{"embeddable":true,"href":"https:\/\/www.zulaibar.net\/es\/wp-json\/wp\/v2\/media\/5741"}],"wp:attachment":[{"href":"https:\/\/www.zulaibar.net\/es\/wp-json\/wp\/v2\/media?parent=5744"}],"wp:term":[{"taxonomy":"category","embeddable":true,"href":"https:\/\/www.zulaibar.net\/es\/wp-json\/wp\/v2\/categories?post=5744"},{"taxonomy":"post_tag","embeddable":true,"href":"https:\/\/www.zulaibar.net\/es\/wp-json\/wp\/v2\/tags?post=5744"}],"curies":[{"name":"wp","href":"https:\/\/api.w.org\/{rel}","templated":true}]}}