{"id":5819,"date":"2022-10-13T11:04:57","date_gmt":"2022-10-13T10:04:57","guid":{"rendered":"https:\/\/www.zulaibar.net\/es\/?p=5819"},"modified":"2022-10-13T11:04:57","modified_gmt":"2022-10-13T10:04:57","slug":"periodo-matriculacion-la-formacion-profesional-vasca-finaliza-este-viernes-plazas-aun-libres-familias-alta-empleabilidad","status":"publish","type":"post","link":"https:\/\/www.zulaibar.net\/es\/periodo-matriculacion-la-formacion-profesional-vasca-finaliza-este-viernes-plazas-aun-libres-familias-alta-empleabilidad\/","title":{"rendered":"El periodo de matriculaci\u00f3n en la Formaci\u00f3n Profesional vasca finaliza este viernes, con plazas a\u00fan libres en familias con alta empleabilidad"},"content":{"rendered":"<ul>\n<li><strong>HETEL, la Asociaci\u00f3n de Centros de Formaci\u00f3n Profesional Abantean de Euskadi, hace un llamamiento a los y las j\u00f3venes que a\u00fan no hayan decidido qu\u00e9 har\u00e1n este curso escolar <\/strong><\/li>\n<li><strong>La Formaci\u00f3n Profesional que imparten los centros de HETEL tuvieron un \u00edndice de inserci\u00f3n laboral medio del 72,5% en 2021 y cercano al 90% en los ciclos industriales.<\/strong><\/li>\n<li><strong>Los interesados e interesadas pueden contactar con HETEL a trav\u00e9s de la web o en el tfno 94 620 23 50<\/strong><\/li>\n<\/ul>\n<p><strong>Durango, 10 de octubre de 2022. <\/strong>El plazo de matriculaci\u00f3n para estudiar un ciclo de Formaci\u00f3n Profesional en Euskadi, ya sea FP de grado B\u00e1sico, Medio o Superior, termina este viernes, 14 de octubre y a\u00fan hay plazas libres en ciclos con alta inserci\u00f3n laboral.\u00a0 La Formaci\u00f3n Profesional que imparten los centros de HETEL cuenta con un \u00edndice de inserci\u00f3n laboral medio del 72,5% en 2021 y cercano al 90% en los ciclos industriales o STEAM. Previsiblemente, la \u00faltima promoci\u00f3n del 2022 supere estas cifras.<\/p>\n<p>Desde HETEL, la Asociaci\u00f3n de Centros de Formaci\u00f3n Profesional Abantean de Euskadi, que aglutina 30 centros con m\u00e1s de 11.500 alumnos y alumnas, hacen un llamamiento a los y las j\u00f3venes a\u00fan indecisos, ya que, aunque no hayan hecho la preinscripci\u00f3n est\u00e1n a tiempo hasta este viernes de formalizar la matr\u00edcula.<\/p>\n<p>Y es que, hay familias con una empleabilidad pr\u00e1cticamente plena que a\u00fan tienen plazas libres en algunos de los centros de HETEL, como es el caso de la Familia de Fabricaci\u00f3n Mec\u00e1nica (Programaci\u00f3n de la Producci\u00f3n, Dise\u00f1o en Fabricaci\u00f3n Mec\u00e1nica, Construcciones Met\u00e1licas, Mecanizado, Soldadura). <em>\u201cSe trata de una familia profesional muy arraigada a Euskadi, con una alta inserci\u00f3n laboral a\u00fan en los momentos m\u00e1s delicados de la pandemia, con unos puestos de trabajo con buenas condiciones laborales, con una buena remuneraci\u00f3n y que se trata de un sector que avanza en automatizaci\u00f3n, en digitalizaci\u00f3n y, en general, en cualificaciones cada vez m\u00e1s altas\u201d<\/em>, remarca el presidente de HETEL, Julen Elgeta. Un caso similar ocurre con la Familia de Electricidad-Electr\u00f3nica, que dispone en sus diferentes ciclos con algunas plazas disponibles, sobre todo en sus ciclos superiores, y con una alta empleabilidad tambi\u00e9n. En ambos casos, en los ciclos superiores de estas familias profesionales el alumnado que quisiera podr\u00eda continuar estudiando tras hacer el grado superior a trav\u00e9s de los cursos de especializaci\u00f3n, de un a\u00f1o de duraci\u00f3n.<\/p>\n<p>Por otro lado, como ha constado HETEL en las prematriculaciones, este cuso las familias relacionadas con el \u00e1mbito sanitario se han\u00a0 quedado sin plazas r\u00e1pidamente, que el presidente de HETEL achaca tambi\u00e9n al efecto de la pandemia que ha despertado vocaciones en este sector. Por otro lado, apenas hay plazas libres en la familia de Inform\u00e1tica,<em> \u201clo que es una buena noticia porque est\u00e1 revirtiendo la situaci\u00f3n de los \u00faltimos a\u00f1os, y adem\u00e1s, es una familia tambi\u00e9n con alta empleabilidad\u201d,<\/em> apunta Elgeta<\/p>\n<p><strong>Sobre HETEL<\/strong><\/p>\n<p>HETEL es una asociaci\u00f3n de 30 centros de FP\u00a0Abantean (comprometidos, solidarios, innovadores) de Euskadi, que aglutina a m\u00e1s de 11.500\u00a0alumnos y alumnas.\u00a0Tiene\u00a0como misi\u00f3n mejorar, prestigiar y liderar la Formaci\u00f3n Profesional de Euskadi, ofreciendo un servicio p\u00fablico de calidad al alumnado, las empresas y la sociedad\u00a0vasca\u00a0en general, desde una perspectiva de Pa\u00eds y con un enfoque internacional.<\/p>\n","protected":false},"excerpt":{"rendered":"<p>HETEL, la Asociaci\u00f3n de Centros de Formaci\u00f3n Profesional Abantean de Euskadi, hace un llamamiento a [&hellip;]<\/p>\n","protected":false},"author":1,"featured_media":5816,"comment_status":"closed","ping_status":"closed","sticky":false,"template":"","format":"standard","meta":[],"categories":[7],"tags":[],"yoast_head":"<!-- This site is optimized with the Yoast SEO plugin v20.5 - https:\/\/yoast.com\/wordpress\/plugins\/seo\/ -->\n<title>El periodo de matriculaci\u00f3n en la Formaci\u00f3n Profesional vasca finaliza este viernes, con plazas a\u00fan libres en familias con alta empleabilidad - Zulaibar Arratiako Lanbide Ikastegia<\/title>\n<meta name=\"robots\" content=\"index, follow, max-snippet:-1, max-image-preview:large, max-video-preview:-1\" \/>\n<link rel=\"canonical\" href=\"https:\/\/www.zulaibar.net\/es\/periodo-matriculacion-la-formacion-profesional-vasca-finaliza-este-viernes-plazas-aun-libres-familias-alta-empleabilidad\/\" \/>\n<meta property=\"og:locale\" content=\"es_ES\" \/>\n<meta property=\"og:type\" content=\"article\" \/>\n<meta property=\"og:title\" content=\"El periodo de matriculaci\u00f3n en la Formaci\u00f3n Profesional vasca finaliza este viernes, con plazas a\u00fan libres en familias con alta empleabilidad - Zulaibar Arratiako Lanbide Ikastegia\" \/>\n<meta property=\"og:description\" content=\"HETEL, la Asociaci\u00f3n de Centros de Formaci\u00f3n Profesional Abantean de Euskadi, hace un llamamiento a [&hellip;]\" \/>\n<meta property=\"og:url\" content=\"https:\/\/www.zulaibar.net\/es\/periodo-matriculacion-la-formacion-profesional-vasca-finaliza-este-viernes-plazas-aun-libres-familias-alta-empleabilidad\/\" \/>\n<meta property=\"og:site_name\" content=\"Zulaibar Arratiako Lanbide Ikastegia\" \/>\n<meta property=\"article:publisher\" content=\"https:\/\/www.facebook.com\/zulaibar.arratiakolanbideikastegia\" \/>\n<meta property=\"article:published_time\" content=\"2022-10-13T10:04:57+00:00\" \/>\n<meta property=\"og:image\" content=\"https:\/\/www.zulaibar.net\/wp-content\/uploads\/2022\/10\/azken-deia-matrikulazioa.jpg\" \/>\n\t<meta property=\"og:image:width\" content=\"1481\" \/>\n\t<meta property=\"og:image:height\" content=\"986\" \/>\n\t<meta property=\"og:image:type\" content=\"image\/jpeg\" \/>\n<meta name=\"author\" content=\"administrador\" \/>\n<meta name=\"twitter:label1\" content=\"Escrito por\" \/>\n\t<meta name=\"twitter:data1\" content=\"administrador\" \/>\n\t<meta name=\"twitter:label2\" content=\"Tiempo de lectura\" \/>\n\t<meta name=\"twitter:data2\" content=\"3 minutos\" \/>\n<script type=\"application\/ld+json\" class=\"yoast-schema-graph\">{\"@context\":\"https:\/\/schema.org\",\"@graph\":[{\"@type\":\"WebPage\",\"@id\":\"https:\/\/www.zulaibar.net\/es\/periodo-matriculacion-la-formacion-profesional-vasca-finaliza-este-viernes-plazas-aun-libres-familias-alta-empleabilidad\/\",\"url\":\"https:\/\/www.zulaibar.net\/es\/periodo-matriculacion-la-formacion-profesional-vasca-finaliza-este-viernes-plazas-aun-libres-familias-alta-empleabilidad\/\",\"name\":\"El periodo de matriculaci\u00f3n en la Formaci\u00f3n Profesional vasca finaliza este viernes, con plazas a\u00fan libres en familias con alta empleabilidad - Zulaibar Arratiako Lanbide Ikastegia\",\"isPartOf\":{\"@id\":\"https:\/\/www.zulaibar.net\/#website\"},\"datePublished\":\"2022-10-13T10:04:57+00:00\",\"dateModified\":\"2022-10-13T10:04:57+00:00\",\"author\":{\"@id\":\"https:\/\/www.zulaibar.net\/#\/schema\/person\/54d5ffd7f8b17e774c2a99587e0798bb\"},\"breadcrumb\":{\"@id\":\"https:\/\/www.zulaibar.net\/es\/periodo-matriculacion-la-formacion-profesional-vasca-finaliza-este-viernes-plazas-aun-libres-familias-alta-empleabilidad\/#breadcrumb\"},\"inLanguage\":\"es\",\"potentialAction\":[{\"@type\":\"ReadAction\",\"target\":[\"https:\/\/www.zulaibar.net\/es\/periodo-matriculacion-la-formacion-profesional-vasca-finaliza-este-viernes-plazas-aun-libres-familias-alta-empleabilidad\/\"]}]},{\"@type\":\"BreadcrumbList\",\"@id\":\"https:\/\/www.zulaibar.net\/es\/periodo-matriculacion-la-formacion-profesional-vasca-finaliza-este-viernes-plazas-aun-libres-familias-alta-empleabilidad\/#breadcrumb\",\"itemListElement\":[{\"@type\":\"ListItem\",\"position\":1,\"name\":\"Portada\",\"item\":\"https:\/\/www.zulaibar.net\/es\/\"},{\"@type\":\"ListItem\",\"position\":2,\"name\":\"El periodo de matriculaci\u00f3n en la Formaci\u00f3n Profesional vasca finaliza este viernes, con plazas a\u00fan libres en familias con alta empleabilidad\"}]},{\"@type\":\"WebSite\",\"@id\":\"https:\/\/www.zulaibar.net\/#website\",\"url\":\"https:\/\/www.zulaibar.net\/\",\"name\":\"Zulaibar Arratiako Lanbide Ikastegia\",\"description\":\"Zulaibar Arratiako Lanbide Ikastegiaren web gunea\",\"potentialAction\":[{\"@type\":\"SearchAction\",\"target\":{\"@type\":\"EntryPoint\",\"urlTemplate\":\"https:\/\/www.zulaibar.net\/?s={search_term_string}\"},\"query-input\":\"required name=search_term_string\"}],\"inLanguage\":\"es\"},{\"@type\":\"Person\",\"@id\":\"https:\/\/www.zulaibar.net\/#\/schema\/person\/54d5ffd7f8b17e774c2a99587e0798bb\",\"name\":\"administrador\",\"url\":\"https:\/\/www.zulaibar.net\/es\/author\/administrador\/\"}]}<\/script>\n<!-- \/ Yoast SEO plugin. -->","yoast_head_json":{"title":"El periodo de matriculaci\u00f3n en la Formaci\u00f3n Profesional vasca finaliza este viernes, con plazas a\u00fan libres en familias con alta empleabilidad - Zulaibar Arratiako Lanbide Ikastegia","robots":{"index":"index","follow":"follow","max-snippet":"max-snippet:-1","max-image-preview":"max-image-preview:large","max-video-preview":"max-video-preview:-1"},"canonical":"https:\/\/www.zulaibar.net\/es\/periodo-matriculacion-la-formacion-profesional-vasca-finaliza-este-viernes-plazas-aun-libres-familias-alta-empleabilidad\/","og_locale":"es_ES","og_type":"article","og_title":"El periodo de matriculaci\u00f3n en la Formaci\u00f3n Profesional vasca finaliza este viernes, con plazas a\u00fan libres en familias con alta empleabilidad - Zulaibar Arratiako Lanbide Ikastegia","og_description":"HETEL, la Asociaci\u00f3n de Centros de Formaci\u00f3n Profesional Abantean de Euskadi, hace un llamamiento a [&hellip;]","og_url":"https:\/\/www.zulaibar.net\/es\/periodo-matriculacion-la-formacion-profesional-vasca-finaliza-este-viernes-plazas-aun-libres-familias-alta-empleabilidad\/","og_site_name":"Zulaibar Arratiako Lanbide Ikastegia","article_publisher":"https:\/\/www.facebook.com\/zulaibar.arratiakolanbideikastegia","article_published_time":"2022-10-13T10:04:57+00:00","og_image":[{"width":1481,"height":986,"url":"https:\/\/www.zulaibar.net\/wp-content\/uploads\/2022\/10\/azken-deia-matrikulazioa.jpg","type":"image\/jpeg"}],"author":"administrador","twitter_misc":{"Escrito por":"administrador","Tiempo de lectura":"3 minutos"},"schema":{"@context":"https:\/\/schema.org","@graph":[{"@type":"WebPage","@id":"https:\/\/www.zulaibar.net\/es\/periodo-matriculacion-la-formacion-profesional-vasca-finaliza-este-viernes-plazas-aun-libres-familias-alta-empleabilidad\/","url":"https:\/\/www.zulaibar.net\/es\/periodo-matriculacion-la-formacion-profesional-vasca-finaliza-este-viernes-plazas-aun-libres-familias-alta-empleabilidad\/","name":"El periodo de matriculaci\u00f3n en la Formaci\u00f3n Profesional vasca finaliza este viernes, con plazas a\u00fan libres en familias con alta empleabilidad - Zulaibar Arratiako Lanbide Ikastegia","isPartOf":{"@id":"https:\/\/www.zulaibar.net\/#website"},"datePublished":"2022-10-13T10:04:57+00:00","dateModified":"2022-10-13T10:04:57+00:00","author":{"@id":"https:\/\/www.zulaibar.net\/#\/schema\/person\/54d5ffd7f8b17e774c2a99587e0798bb"},"breadcrumb":{"@id":"https:\/\/www.zulaibar.net\/es\/periodo-matriculacion-la-formacion-profesional-vasca-finaliza-este-viernes-plazas-aun-libres-familias-alta-empleabilidad\/#breadcrumb"},"inLanguage":"es","potentialAction":[{"@type":"ReadAction","target":["https:\/\/www.zulaibar.net\/es\/periodo-matriculacion-la-formacion-profesional-vasca-finaliza-este-viernes-plazas-aun-libres-familias-alta-empleabilidad\/"]}]},{"@type":"BreadcrumbList","@id":"https:\/\/www.zulaibar.net\/es\/periodo-matriculacion-la-formacion-profesional-vasca-finaliza-este-viernes-plazas-aun-libres-familias-alta-empleabilidad\/#breadcrumb","itemListElement":[{"@type":"ListItem","position":1,"name":"Portada","item":"https:\/\/www.zulaibar.net\/es\/"},{"@type":"ListItem","position":2,"name":"El periodo de matriculaci\u00f3n en la Formaci\u00f3n Profesional vasca finaliza este viernes, con plazas a\u00fan libres en familias con alta empleabilidad"}]},{"@type":"WebSite","@id":"https:\/\/www.zulaibar.net\/#website","url":"https:\/\/www.zulaibar.net\/","name":"Zulaibar Arratiako Lanbide Ikastegia","description":"Zulaibar Arratiako Lanbide Ikastegiaren web gunea","potentialAction":[{"@type":"SearchAction","target":{"@type":"EntryPoint","urlTemplate":"https:\/\/www.zulaibar.net\/?s={search_term_string}"},"query-input":"required name=search_term_string"}],"inLanguage":"es"},{"@type":"Person","@id":"https:\/\/www.zulaibar.net\/#\/schema\/person\/54d5ffd7f8b17e774c2a99587e0798bb","name":"administrador","url":"https:\/\/www.zulaibar.net\/es\/author\/administrador\/"}]}},"_links":{"self":[{"href":"https:\/\/www.zulaibar.net\/es\/wp-json\/wp\/v2\/posts\/5819"}],"collection":[{"href":"https:\/\/www.zulaibar.net\/es\/wp-json\/wp\/v2\/posts"}],"about":[{"href":"https:\/\/www.zulaibar.net\/es\/wp-json\/wp\/v2\/types\/post"}],"author":[{"embeddable":true,"href":"https:\/\/www.zulaibar.net\/es\/wp-json\/wp\/v2\/users\/1"}],"replies":[{"embeddable":true,"href":"https:\/\/www.zulaibar.net\/es\/wp-json\/wp\/v2\/comments?post=5819"}],"version-history":[{"count":1,"href":"https:\/\/www.zulaibar.net\/es\/wp-json\/wp\/v2\/posts\/5819\/revisions"}],"predecessor-version":[{"id":5820,"href":"https:\/\/www.zulaibar.net\/es\/wp-json\/wp\/v2\/posts\/5819\/revisions\/5820"}],"wp:featuredmedia":[{"embeddable":true,"href":"https:\/\/www.zulaibar.net\/es\/wp-json\/wp\/v2\/media\/5816"}],"wp:attachment":[{"href":"https:\/\/www.zulaibar.net\/es\/wp-json\/wp\/v2\/media?parent=5819"}],"wp:term":[{"taxonomy":"category","embeddable":true,"href":"https:\/\/www.zulaibar.net\/es\/wp-json\/wp\/v2\/categories?post=5819"},{"taxonomy":"post_tag","embeddable":true,"href":"https:\/\/www.zulaibar.net\/es\/wp-json\/wp\/v2\/tags?post=5819"}],"curies":[{"name":"wp","href":"https:\/\/api.w.org\/{rel}","templated":true}]}}