{"id":6848,"date":"2024-04-02T14:35:14","date_gmt":"2024-04-02T13:35:14","guid":{"rendered":"https:\/\/www.zulaibar.net\/?p=6848"},"modified":"2024-04-02T14:35:15","modified_gmt":"2024-04-02T13:35:15","slug":"prematricula-en-zulaibar-del-6-al-24-de-mayo","status":"publish","type":"post","link":"https:\/\/www.zulaibar.net\/es\/prematricula-en-zulaibar-del-6-al-24-de-mayo\/","title":{"rendered":"Prematr\u00edcula en Zulaibar del 6 al 24 de mayo"},"content":{"rendered":"\n<p><strong>El periodo ordinario de prematriculaci\u00f3n de Formaci\u00f3n Profesional en Euskadi se realizar\u00e1 en mayo<\/strong><\/p>\n\n\n\n<p>Se acerca el periodo de prematr\u00edcula en Formaci\u00f3n Profesional en Euskadi, todas las personas interesadas en comenzar este itinerario educativo podr\u00e1n realizar las inscripciones del 6 al 24 de mayo, periodo ordinario establecido. Tambi\u00e9n, c\u00f3mo no, en Zulaibar Lanbide Ikastegia, que incorpora el grado superior en Desarrollo de Aplicaciones Web&nbsp; a su oferta formativa.<\/p>\n\n\n\n<p>Todas las personas interesadas en inscribirse en alguno de los diez grados que ofrece Zulaibar, podr\u00e1n pedir informaci\u00f3n en el correo electr\u00f3nico orientazioa@zulaibar.net o llamar al tel\u00e9fono 946 73 91 16. Tambi\u00e9n tendr\u00e1n la oportunidad de conocer <em>in situ<\/em> las instalaciones del Campus Zulaibar en las jornadas de puertas abiertas que organizaremos pr\u00f3ximamente.<\/p>\n\n\n\n<p><strong>Tradici\u00f3n y futuro<\/strong><\/p>\n\n\n\n<p>El Centro Formativo Zulaibar lleva casi setenta a\u00f1os preparando a los\/as mejores profesionales en el \u00e1mbito de la Formaci\u00f3n Profesional. El conocimiento adquirido en el tiempo y la vocaci\u00f3n innovadora, que siempre ha caracterizado al centro, combinan en un proyecto solvente.<\/p>\n\n\n\n<p>Adem\u00e1s, la creaci\u00f3n del Campus Zulaibar, un polo de atracci\u00f3n socioecon\u00f3mica, hace que el alumnado pueda ir mucho m\u00e1s all\u00e1 en su educaci\u00f3n, ya que estar\u00e1 muy cerca de las empresas, que desarrollan sus proyectos en el Campus, y de las oportunidades de emprendimiento que surgen en este ecosistema de talento.<\/p>\n\n\n\n<p>En este marco de renovaci\u00f3n, a\u00f1adimos a la oferta formativa el grado superior en Desarrollo de Aplicaciones Web, una opci\u00f3n profesional en la que hay una gran demanda&nbsp; de trabajadores\/as.<\/p>\n","protected":false},"excerpt":{"rendered":"<p>El periodo ordinario de prematriculaci\u00f3n de Formaci\u00f3n Profesional en Euskadi se realizar\u00e1 en mayo Se [&hellip;]<\/p>\n","protected":false},"author":1,"featured_media":6846,"comment_status":"closed","ping_status":"closed","sticky":false,"template":"","format":"standard","meta":[],"categories":[7],"tags":[],"yoast_head":"<!-- This site is optimized with the Yoast SEO plugin v20.5 - https:\/\/yoast.com\/wordpress\/plugins\/seo\/ -->\n<title>Prematr\u00edcula en Zulaibar del 6 al 24 de mayo - Zulaibar Arratiako Lanbide Ikastegia<\/title>\n<meta name=\"robots\" content=\"index, follow, max-snippet:-1, max-image-preview:large, max-video-preview:-1\" \/>\n<link rel=\"canonical\" href=\"https:\/\/www.zulaibar.net\/es\/prematricula-en-zulaibar-del-6-al-24-de-mayo\/\" \/>\n<meta property=\"og:locale\" content=\"es_ES\" \/>\n<meta property=\"og:type\" content=\"article\" \/>\n<meta property=\"og:title\" content=\"Prematr\u00edcula en Zulaibar del 6 al 24 de mayo - Zulaibar Arratiako Lanbide Ikastegia\" \/>\n<meta property=\"og:description\" content=\"El periodo ordinario de prematriculaci\u00f3n de Formaci\u00f3n Profesional en Euskadi se realizar\u00e1 en mayo Se [&hellip;]\" \/>\n<meta property=\"og:url\" content=\"https:\/\/www.zulaibar.net\/es\/prematricula-en-zulaibar-del-6-al-24-de-mayo\/\" \/>\n<meta property=\"og:site_name\" content=\"Zulaibar Arratiako Lanbide Ikastegia\" \/>\n<meta property=\"article:publisher\" content=\"https:\/\/www.facebook.com\/zulaibar.arratiakolanbideikastegia\" \/>\n<meta property=\"article:published_time\" content=\"2024-04-02T13:35:14+00:00\" \/>\n<meta property=\"article:modified_time\" content=\"2024-04-02T13:35:15+00:00\" \/>\n<meta property=\"og:image\" content=\"https:\/\/www.zulaibar.net\/wp-content\/uploads\/2024\/04\/CAPTURA-IRUDIA-AURREMATRIKULA-.jpg\" \/>\n\t<meta property=\"og:image:width\" content=\"1920\" \/>\n\t<meta property=\"og:image:height\" content=\"1080\" \/>\n\t<meta property=\"og:image:type\" content=\"image\/jpeg\" \/>\n<meta name=\"author\" content=\"administrador\" \/>\n<meta name=\"twitter:label1\" content=\"Escrito por\" \/>\n\t<meta name=\"twitter:data1\" content=\"administrador\" \/>\n\t<meta name=\"twitter:label2\" content=\"Tiempo de lectura\" \/>\n\t<meta name=\"twitter:data2\" content=\"2 minutos\" \/>\n<script type=\"application\/ld+json\" class=\"yoast-schema-graph\">{\"@context\":\"https:\/\/schema.org\",\"@graph\":[{\"@type\":\"WebPage\",\"@id\":\"https:\/\/www.zulaibar.net\/es\/prematricula-en-zulaibar-del-6-al-24-de-mayo\/\",\"url\":\"https:\/\/www.zulaibar.net\/es\/prematricula-en-zulaibar-del-6-al-24-de-mayo\/\",\"name\":\"Prematr\u00edcula en Zulaibar del 6 al 24 de mayo - Zulaibar Arratiako Lanbide Ikastegia\",\"isPartOf\":{\"@id\":\"https:\/\/www.zulaibar.net\/#website\"},\"datePublished\":\"2024-04-02T13:35:14+00:00\",\"dateModified\":\"2024-04-02T13:35:15+00:00\",\"author\":{\"@id\":\"https:\/\/www.zulaibar.net\/#\/schema\/person\/54d5ffd7f8b17e774c2a99587e0798bb\"},\"breadcrumb\":{\"@id\":\"https:\/\/www.zulaibar.net\/es\/prematricula-en-zulaibar-del-6-al-24-de-mayo\/#breadcrumb\"},\"inLanguage\":\"es\",\"potentialAction\":[{\"@type\":\"ReadAction\",\"target\":[\"https:\/\/www.zulaibar.net\/es\/prematricula-en-zulaibar-del-6-al-24-de-mayo\/\"]}]},{\"@type\":\"BreadcrumbList\",\"@id\":\"https:\/\/www.zulaibar.net\/es\/prematricula-en-zulaibar-del-6-al-24-de-mayo\/#breadcrumb\",\"itemListElement\":[{\"@type\":\"ListItem\",\"position\":1,\"name\":\"Portada\",\"item\":\"https:\/\/www.zulaibar.net\/es\/\"},{\"@type\":\"ListItem\",\"position\":2,\"name\":\"Prematr\u00edcula en Zulaibar del 6 al 24 de mayo\"}]},{\"@type\":\"WebSite\",\"@id\":\"https:\/\/www.zulaibar.net\/#website\",\"url\":\"https:\/\/www.zulaibar.net\/\",\"name\":\"Zulaibar Arratiako Lanbide Ikastegia\",\"description\":\"Zulaibar Arratiako Lanbide Ikastegiaren web gunea\",\"potentialAction\":[{\"@type\":\"SearchAction\",\"target\":{\"@type\":\"EntryPoint\",\"urlTemplate\":\"https:\/\/www.zulaibar.net\/?s={search_term_string}\"},\"query-input\":\"required name=search_term_string\"}],\"inLanguage\":\"es\"},{\"@type\":\"Person\",\"@id\":\"https:\/\/www.zulaibar.net\/#\/schema\/person\/54d5ffd7f8b17e774c2a99587e0798bb\",\"name\":\"administrador\",\"url\":\"https:\/\/www.zulaibar.net\/es\/author\/administrador\/\"}]}<\/script>\n<!-- \/ Yoast SEO plugin. -->","yoast_head_json":{"title":"Prematr\u00edcula en Zulaibar del 6 al 24 de mayo - Zulaibar Arratiako Lanbide Ikastegia","robots":{"index":"index","follow":"follow","max-snippet":"max-snippet:-1","max-image-preview":"max-image-preview:large","max-video-preview":"max-video-preview:-1"},"canonical":"https:\/\/www.zulaibar.net\/es\/prematricula-en-zulaibar-del-6-al-24-de-mayo\/","og_locale":"es_ES","og_type":"article","og_title":"Prematr\u00edcula en Zulaibar del 6 al 24 de mayo - Zulaibar Arratiako Lanbide Ikastegia","og_description":"El periodo ordinario de prematriculaci\u00f3n de Formaci\u00f3n Profesional en Euskadi se realizar\u00e1 en mayo Se [&hellip;]","og_url":"https:\/\/www.zulaibar.net\/es\/prematricula-en-zulaibar-del-6-al-24-de-mayo\/","og_site_name":"Zulaibar Arratiako Lanbide Ikastegia","article_publisher":"https:\/\/www.facebook.com\/zulaibar.arratiakolanbideikastegia","article_published_time":"2024-04-02T13:35:14+00:00","article_modified_time":"2024-04-02T13:35:15+00:00","og_image":[{"width":1920,"height":1080,"url":"https:\/\/www.zulaibar.net\/wp-content\/uploads\/2024\/04\/CAPTURA-IRUDIA-AURREMATRIKULA-.jpg","type":"image\/jpeg"}],"author":"administrador","twitter_misc":{"Escrito por":"administrador","Tiempo de lectura":"2 minutos"},"schema":{"@context":"https:\/\/schema.org","@graph":[{"@type":"WebPage","@id":"https:\/\/www.zulaibar.net\/es\/prematricula-en-zulaibar-del-6-al-24-de-mayo\/","url":"https:\/\/www.zulaibar.net\/es\/prematricula-en-zulaibar-del-6-al-24-de-mayo\/","name":"Prematr\u00edcula en Zulaibar del 6 al 24 de mayo - Zulaibar Arratiako Lanbide Ikastegia","isPartOf":{"@id":"https:\/\/www.zulaibar.net\/#website"},"datePublished":"2024-04-02T13:35:14+00:00","dateModified":"2024-04-02T13:35:15+00:00","author":{"@id":"https:\/\/www.zulaibar.net\/#\/schema\/person\/54d5ffd7f8b17e774c2a99587e0798bb"},"breadcrumb":{"@id":"https:\/\/www.zulaibar.net\/es\/prematricula-en-zulaibar-del-6-al-24-de-mayo\/#breadcrumb"},"inLanguage":"es","potentialAction":[{"@type":"ReadAction","target":["https:\/\/www.zulaibar.net\/es\/prematricula-en-zulaibar-del-6-al-24-de-mayo\/"]}]},{"@type":"BreadcrumbList","@id":"https:\/\/www.zulaibar.net\/es\/prematricula-en-zulaibar-del-6-al-24-de-mayo\/#breadcrumb","itemListElement":[{"@type":"ListItem","position":1,"name":"Portada","item":"https:\/\/www.zulaibar.net\/es\/"},{"@type":"ListItem","position":2,"name":"Prematr\u00edcula en Zulaibar del 6 al 24 de mayo"}]},{"@type":"WebSite","@id":"https:\/\/www.zulaibar.net\/#website","url":"https:\/\/www.zulaibar.net\/","name":"Zulaibar Arratiako Lanbide Ikastegia","description":"Zulaibar Arratiako Lanbide Ikastegiaren web gunea","potentialAction":[{"@type":"SearchAction","target":{"@type":"EntryPoint","urlTemplate":"https:\/\/www.zulaibar.net\/?s={search_term_string}"},"query-input":"required name=search_term_string"}],"inLanguage":"es"},{"@type":"Person","@id":"https:\/\/www.zulaibar.net\/#\/schema\/person\/54d5ffd7f8b17e774c2a99587e0798bb","name":"administrador","url":"https:\/\/www.zulaibar.net\/es\/author\/administrador\/"}]}},"_links":{"self":[{"href":"https:\/\/www.zulaibar.net\/es\/wp-json\/wp\/v2\/posts\/6848"}],"collection":[{"href":"https:\/\/www.zulaibar.net\/es\/wp-json\/wp\/v2\/posts"}],"about":[{"href":"https:\/\/www.zulaibar.net\/es\/wp-json\/wp\/v2\/types\/post"}],"author":[{"embeddable":true,"href":"https:\/\/www.zulaibar.net\/es\/wp-json\/wp\/v2\/users\/1"}],"replies":[{"embeddable":true,"href":"https:\/\/www.zulaibar.net\/es\/wp-json\/wp\/v2\/comments?post=6848"}],"version-history":[{"count":1,"href":"https:\/\/www.zulaibar.net\/es\/wp-json\/wp\/v2\/posts\/6848\/revisions"}],"predecessor-version":[{"id":6849,"href":"https:\/\/www.zulaibar.net\/es\/wp-json\/wp\/v2\/posts\/6848\/revisions\/6849"}],"wp:featuredmedia":[{"embeddable":true,"href":"https:\/\/www.zulaibar.net\/es\/wp-json\/wp\/v2\/media\/6846"}],"wp:attachment":[{"href":"https:\/\/www.zulaibar.net\/es\/wp-json\/wp\/v2\/media?parent=6848"}],"wp:term":[{"taxonomy":"category","embeddable":true,"href":"https:\/\/www.zulaibar.net\/es\/wp-json\/wp\/v2\/categories?post=6848"},{"taxonomy":"post_tag","embeddable":true,"href":"https:\/\/www.zulaibar.net\/es\/wp-json\/wp\/v2\/tags?post=6848"}],"curies":[{"name":"wp","href":"https:\/\/api.w.org\/{rel}","templated":true}]}}