{"id":6971,"date":"2024-12-13T12:12:06","date_gmt":"2024-12-13T11:12:06","guid":{"rendered":"https:\/\/www.zulaibar.net\/?p=6971"},"modified":"2024-12-13T12:12:08","modified_gmt":"2024-12-13T11:12:08","slug":"gran-afluencia-a-la-feria-de-empleo-de-arratia","status":"publish","type":"post","link":"https:\/\/www.zulaibar.net\/es\/gran-afluencia-a-la-feria-de-empleo-de-arratia\/","title":{"rendered":"Gran afluencia a la Feria de Empleo de Arratia"},"content":{"rendered":"\n<p><strong>El evento organizado por Zulaibar y Errota Fundazioa acerca a empresas y demandantes de empleo<\/strong><\/p>\n\n\n\n<p>La segunda Feria de Empleo de Arratia, celebrada en el <a href=\"https:\/\/youtu.be\/30f5dVAQy6U?si=tiXIxxkN7OXG8bR_\">Campus Zulaibar<\/a>, tuvo una gran afluencia de p\u00fablico. Entre demandantes de empleo, estudiantes, empresas y otros agentes de la comarca y el territorio, se gener\u00f3 un clima de inter\u00e9s mutuo y de nuevas oportunidades. El evento ha sido organizado por Zulaibar Lanbide Ikastegia y Errota Fundazioa.<\/p>\n\n\n\n<p>\u201cPara nosotros es enriquecedor que las empresas del entorno est\u00e9n aqu\u00ed, que conozcan al alumnado y les puedan ofrecer oportunidades. Tambi\u00e9n se incrementa la motivaci\u00f3n del estudiantado, porque las oportunidades surgen aqu\u00ed e incluso se habit\u00faan al hecho de hacer entrevistas. Para nosotros es fundamental\u201d, afirmaba Eneko Iriondo, profesor de Zulaibar y responsable de relaciones con empresas.<\/p>\n\n\n\n<p>En palabras de Ander Arakistain, t\u00e9cnico de Errota Fundazioa: \u201cCualquier empresa de Arratia tiene la oportunidad de acercarse a la Feria de Empleo, poner su mesa y aprovechar la oportunidad para conocer al alumnado de Zulaibar o a cualquier demandante de empleo de Arratia\u201d.<\/p>\n\n\n\n<p>El \u00e9xito de la presente edici\u00f3n reafirma a las dos entidades en la necesidad de dinamizar el entorno profesional de la comarca y en la conveniencia de realizar labores de intermediaci\u00f3n que acerquen a los diferentes agentes. Arratia cuenta con talento y <a href=\"https:\/\/www.zulaibar.net\/es\/?p=6926\">oportunidades <\/a>para ello.<\/p>\n","protected":false},"excerpt":{"rendered":"<p>El evento organizado por Zulaibar y Errota Fundazioa acerca a empresas y demandantes de empleo [&hellip;]<\/p>\n","protected":false},"author":1,"featured_media":6969,"comment_status":"closed","ping_status":"closed","sticky":false,"template":"","format":"standard","meta":[],"categories":[7],"tags":[],"yoast_head":"<!-- This site is optimized with the Yoast SEO plugin v20.5 - https:\/\/yoast.com\/wordpress\/plugins\/seo\/ -->\n<title>Gran afluencia a la Feria de Empleo de Arratia - Zulaibar Arratiako Lanbide Ikastegia<\/title>\n<meta name=\"description\" content=\"La segunda Feria de Empleo de Arratia, celebrada en el Campus Zulaibar, tuvo una gran afluencia de p\u00fablico. Entre demandantes de empleo, estudiantes, empresas y otros agentes de la comarca y el territorio, se gener\u00f3 un clima de inter\u00e9s mutuo y de nuevas oportunidades. El evento ha sido organizado por Zulaibar Lanbide Ikastegia y Errota Fundazioa.\" \/>\n<meta name=\"robots\" content=\"index, follow, max-snippet:-1, max-image-preview:large, max-video-preview:-1\" \/>\n<link rel=\"canonical\" href=\"https:\/\/www.zulaibar.net\/es\/gran-afluencia-a-la-feria-de-empleo-de-arratia\/\" \/>\n<meta property=\"og:locale\" content=\"es_ES\" \/>\n<meta property=\"og:type\" content=\"article\" \/>\n<meta property=\"og:title\" content=\"Gran afluencia a la Feria de Empleo de Arratia - Zulaibar Arratiako Lanbide Ikastegia\" \/>\n<meta property=\"og:description\" content=\"La segunda Feria de Empleo de Arratia, celebrada en el Campus Zulaibar, tuvo una gran afluencia de p\u00fablico. Entre demandantes de empleo, estudiantes, empresas y otros agentes de la comarca y el territorio, se gener\u00f3 un clima de inter\u00e9s mutuo y de nuevas oportunidades. El evento ha sido organizado por Zulaibar Lanbide Ikastegia y Errota Fundazioa.\" \/>\n<meta property=\"og:url\" content=\"https:\/\/www.zulaibar.net\/es\/gran-afluencia-a-la-feria-de-empleo-de-arratia\/\" \/>\n<meta property=\"og:site_name\" content=\"Zulaibar Arratiako Lanbide Ikastegia\" \/>\n<meta property=\"article:publisher\" content=\"https:\/\/www.facebook.com\/zulaibar.arratiakolanbideikastegia\" \/>\n<meta property=\"article:published_time\" content=\"2024-12-13T11:12:06+00:00\" \/>\n<meta property=\"article:modified_time\" content=\"2024-12-13T11:12:08+00:00\" \/>\n<meta property=\"og:image\" content=\"https:\/\/www.zulaibar.net\/wp-content\/uploads\/2024\/12\/MONTAJE-ALBISTEA-ENPLEGU-AZOKA.png\" \/>\n\t<meta property=\"og:image:width\" content=\"1080\" \/>\n\t<meta property=\"og:image:height\" content=\"566\" \/>\n\t<meta property=\"og:image:type\" content=\"image\/png\" \/>\n<meta name=\"author\" content=\"administrador\" \/>\n<meta name=\"twitter:label1\" content=\"Escrito por\" \/>\n\t<meta name=\"twitter:data1\" content=\"administrador\" \/>\n\t<meta name=\"twitter:label2\" content=\"Tiempo de lectura\" \/>\n\t<meta name=\"twitter:data2\" content=\"1 minuto\" \/>\n<script type=\"application\/ld+json\" class=\"yoast-schema-graph\">{\"@context\":\"https:\/\/schema.org\",\"@graph\":[{\"@type\":\"WebPage\",\"@id\":\"https:\/\/www.zulaibar.net\/es\/gran-afluencia-a-la-feria-de-empleo-de-arratia\/\",\"url\":\"https:\/\/www.zulaibar.net\/es\/gran-afluencia-a-la-feria-de-empleo-de-arratia\/\",\"name\":\"Gran afluencia a la Feria de Empleo de Arratia - Zulaibar Arratiako Lanbide Ikastegia\",\"isPartOf\":{\"@id\":\"https:\/\/www.zulaibar.net\/#website\"},\"datePublished\":\"2024-12-13T11:12:06+00:00\",\"dateModified\":\"2024-12-13T11:12:08+00:00\",\"author\":{\"@id\":\"https:\/\/www.zulaibar.net\/#\/schema\/person\/54d5ffd7f8b17e774c2a99587e0798bb\"},\"description\":\"La segunda Feria de Empleo de Arratia, celebrada en el Campus Zulaibar, tuvo una gran afluencia de p\u00fablico. Entre demandantes de empleo, estudiantes, empresas y otros agentes de la comarca y el territorio, se gener\u00f3 un clima de inter\u00e9s mutuo y de nuevas oportunidades. El evento ha sido organizado por Zulaibar Lanbide Ikastegia y Errota Fundazioa.\",\"breadcrumb\":{\"@id\":\"https:\/\/www.zulaibar.net\/es\/gran-afluencia-a-la-feria-de-empleo-de-arratia\/#breadcrumb\"},\"inLanguage\":\"es\",\"potentialAction\":[{\"@type\":\"ReadAction\",\"target\":[\"https:\/\/www.zulaibar.net\/es\/gran-afluencia-a-la-feria-de-empleo-de-arratia\/\"]}]},{\"@type\":\"BreadcrumbList\",\"@id\":\"https:\/\/www.zulaibar.net\/es\/gran-afluencia-a-la-feria-de-empleo-de-arratia\/#breadcrumb\",\"itemListElement\":[{\"@type\":\"ListItem\",\"position\":1,\"name\":\"Portada\",\"item\":\"https:\/\/www.zulaibar.net\/es\/\"},{\"@type\":\"ListItem\",\"position\":2,\"name\":\"Gran afluencia a la Feria de Empleo de Arratia\"}]},{\"@type\":\"WebSite\",\"@id\":\"https:\/\/www.zulaibar.net\/#website\",\"url\":\"https:\/\/www.zulaibar.net\/\",\"name\":\"Zulaibar Arratiako Lanbide Ikastegia\",\"description\":\"Zulaibar Arratiako Lanbide Ikastegiaren web gunea\",\"potentialAction\":[{\"@type\":\"SearchAction\",\"target\":{\"@type\":\"EntryPoint\",\"urlTemplate\":\"https:\/\/www.zulaibar.net\/?s={search_term_string}\"},\"query-input\":\"required name=search_term_string\"}],\"inLanguage\":\"es\"},{\"@type\":\"Person\",\"@id\":\"https:\/\/www.zulaibar.net\/#\/schema\/person\/54d5ffd7f8b17e774c2a99587e0798bb\",\"name\":\"administrador\",\"url\":\"https:\/\/www.zulaibar.net\/es\/author\/administrador\/\"}]}<\/script>\n<!-- \/ Yoast SEO plugin. -->","yoast_head_json":{"title":"Gran afluencia a la Feria de Empleo de Arratia - Zulaibar Arratiako Lanbide Ikastegia","description":"La segunda Feria de Empleo de Arratia, celebrada en el Campus Zulaibar, tuvo una gran afluencia de p\u00fablico. Entre demandantes de empleo, estudiantes, empresas y otros agentes de la comarca y el territorio, se gener\u00f3 un clima de inter\u00e9s mutuo y de nuevas oportunidades. El evento ha sido organizado por Zulaibar Lanbide Ikastegia y Errota Fundazioa.","robots":{"index":"index","follow":"follow","max-snippet":"max-snippet:-1","max-image-preview":"max-image-preview:large","max-video-preview":"max-video-preview:-1"},"canonical":"https:\/\/www.zulaibar.net\/es\/gran-afluencia-a-la-feria-de-empleo-de-arratia\/","og_locale":"es_ES","og_type":"article","og_title":"Gran afluencia a la Feria de Empleo de Arratia - Zulaibar Arratiako Lanbide Ikastegia","og_description":"La segunda Feria de Empleo de Arratia, celebrada en el Campus Zulaibar, tuvo una gran afluencia de p\u00fablico. Entre demandantes de empleo, estudiantes, empresas y otros agentes de la comarca y el territorio, se gener\u00f3 un clima de inter\u00e9s mutuo y de nuevas oportunidades. El evento ha sido organizado por Zulaibar Lanbide Ikastegia y Errota Fundazioa.","og_url":"https:\/\/www.zulaibar.net\/es\/gran-afluencia-a-la-feria-de-empleo-de-arratia\/","og_site_name":"Zulaibar Arratiako Lanbide Ikastegia","article_publisher":"https:\/\/www.facebook.com\/zulaibar.arratiakolanbideikastegia","article_published_time":"2024-12-13T11:12:06+00:00","article_modified_time":"2024-12-13T11:12:08+00:00","og_image":[{"width":1080,"height":566,"url":"https:\/\/www.zulaibar.net\/wp-content\/uploads\/2024\/12\/MONTAJE-ALBISTEA-ENPLEGU-AZOKA.png","type":"image\/png"}],"author":"administrador","twitter_misc":{"Escrito por":"administrador","Tiempo de lectura":"1 minuto"},"schema":{"@context":"https:\/\/schema.org","@graph":[{"@type":"WebPage","@id":"https:\/\/www.zulaibar.net\/es\/gran-afluencia-a-la-feria-de-empleo-de-arratia\/","url":"https:\/\/www.zulaibar.net\/es\/gran-afluencia-a-la-feria-de-empleo-de-arratia\/","name":"Gran afluencia a la Feria de Empleo de Arratia - Zulaibar Arratiako Lanbide Ikastegia","isPartOf":{"@id":"https:\/\/www.zulaibar.net\/#website"},"datePublished":"2024-12-13T11:12:06+00:00","dateModified":"2024-12-13T11:12:08+00:00","author":{"@id":"https:\/\/www.zulaibar.net\/#\/schema\/person\/54d5ffd7f8b17e774c2a99587e0798bb"},"description":"La segunda Feria de Empleo de Arratia, celebrada en el Campus Zulaibar, tuvo una gran afluencia de p\u00fablico. Entre demandantes de empleo, estudiantes, empresas y otros agentes de la comarca y el territorio, se gener\u00f3 un clima de inter\u00e9s mutuo y de nuevas oportunidades. El evento ha sido organizado por Zulaibar Lanbide Ikastegia y Errota Fundazioa.","breadcrumb":{"@id":"https:\/\/www.zulaibar.net\/es\/gran-afluencia-a-la-feria-de-empleo-de-arratia\/#breadcrumb"},"inLanguage":"es","potentialAction":[{"@type":"ReadAction","target":["https:\/\/www.zulaibar.net\/es\/gran-afluencia-a-la-feria-de-empleo-de-arratia\/"]}]},{"@type":"BreadcrumbList","@id":"https:\/\/www.zulaibar.net\/es\/gran-afluencia-a-la-feria-de-empleo-de-arratia\/#breadcrumb","itemListElement":[{"@type":"ListItem","position":1,"name":"Portada","item":"https:\/\/www.zulaibar.net\/es\/"},{"@type":"ListItem","position":2,"name":"Gran afluencia a la Feria de Empleo de Arratia"}]},{"@type":"WebSite","@id":"https:\/\/www.zulaibar.net\/#website","url":"https:\/\/www.zulaibar.net\/","name":"Zulaibar Arratiako Lanbide Ikastegia","description":"Zulaibar Arratiako Lanbide Ikastegiaren web gunea","potentialAction":[{"@type":"SearchAction","target":{"@type":"EntryPoint","urlTemplate":"https:\/\/www.zulaibar.net\/?s={search_term_string}"},"query-input":"required name=search_term_string"}],"inLanguage":"es"},{"@type":"Person","@id":"https:\/\/www.zulaibar.net\/#\/schema\/person\/54d5ffd7f8b17e774c2a99587e0798bb","name":"administrador","url":"https:\/\/www.zulaibar.net\/es\/author\/administrador\/"}]}},"_links":{"self":[{"href":"https:\/\/www.zulaibar.net\/es\/wp-json\/wp\/v2\/posts\/6971"}],"collection":[{"href":"https:\/\/www.zulaibar.net\/es\/wp-json\/wp\/v2\/posts"}],"about":[{"href":"https:\/\/www.zulaibar.net\/es\/wp-json\/wp\/v2\/types\/post"}],"author":[{"embeddable":true,"href":"https:\/\/www.zulaibar.net\/es\/wp-json\/wp\/v2\/users\/1"}],"replies":[{"embeddable":true,"href":"https:\/\/www.zulaibar.net\/es\/wp-json\/wp\/v2\/comments?post=6971"}],"version-history":[{"count":2,"href":"https:\/\/www.zulaibar.net\/es\/wp-json\/wp\/v2\/posts\/6971\/revisions"}],"predecessor-version":[{"id":6973,"href":"https:\/\/www.zulaibar.net\/es\/wp-json\/wp\/v2\/posts\/6971\/revisions\/6973"}],"wp:featuredmedia":[{"embeddable":true,"href":"https:\/\/www.zulaibar.net\/es\/wp-json\/wp\/v2\/media\/6969"}],"wp:attachment":[{"href":"https:\/\/www.zulaibar.net\/es\/wp-json\/wp\/v2\/media?parent=6971"}],"wp:term":[{"taxonomy":"category","embeddable":true,"href":"https:\/\/www.zulaibar.net\/es\/wp-json\/wp\/v2\/categories?post=6971"},{"taxonomy":"post_tag","embeddable":true,"href":"https:\/\/www.zulaibar.net\/es\/wp-json\/wp\/v2\/tags?post=6971"}],"curies":[{"name":"wp","href":"https:\/\/api.w.org\/{rel}","templated":true}]}}