{"id":7019,"date":"2025-02-10T10:38:23","date_gmt":"2025-02-10T09:38:23","guid":{"rendered":"https:\/\/www.zulaibar.net\/?p=7019"},"modified":"2025-02-10T10:38:24","modified_gmt":"2025-02-10T09:38:24","slug":"prematricula-en-formacion-profesional-del-5-al-23-de-mayo","status":"publish","type":"post","link":"https:\/\/www.zulaibar.net\/es\/prematricula-en-formacion-profesional-del-5-al-23-de-mayo\/","title":{"rendered":"Prematr\u00edcula en Formaci\u00f3n Profesional: del 5 al 23 de mayo"},"content":{"rendered":"\n<p><strong>Del 5 al 23 de mayo podr\u00e1s iniciar el proceso de matriculaci\u00f3n<\/strong>. Si necesitas m\u00e1s informaci\u00f3n sobre los grados que ofrece Zulaibar, nuestro proyecto educativo o las prestaciones del Campus Zulaibar, ponte en contacto: env\u00eda un correo a orientazioa@zulaibar.net o llama al 946 73 91 16.<\/p>\n","protected":false},"excerpt":{"rendered":"<p>Del 5 al 23 de mayo podr\u00e1s iniciar el proceso de matriculaci\u00f3n. Si necesitas m\u00e1s [&hellip;]<\/p>\n","protected":false},"author":1,"featured_media":7017,"comment_status":"closed","ping_status":"closed","sticky":false,"template":"","format":"standard","meta":[],"categories":[7],"tags":[],"yoast_head":"<!-- This site is optimized with the Yoast SEO plugin v20.5 - https:\/\/yoast.com\/wordpress\/plugins\/seo\/ -->\n<title>Prematr\u00edcula en Formaci\u00f3n Profesional: del 5 al 23 de mayo - Zulaibar Arratiako Lanbide Ikastegia<\/title>\n<meta name=\"robots\" content=\"index, follow, max-snippet:-1, max-image-preview:large, max-video-preview:-1\" \/>\n<link rel=\"canonical\" href=\"https:\/\/www.zulaibar.net\/es\/prematricula-en-formacion-profesional-del-5-al-23-de-mayo\/\" \/>\n<meta property=\"og:locale\" content=\"es_ES\" \/>\n<meta property=\"og:type\" content=\"article\" \/>\n<meta property=\"og:title\" content=\"Prematr\u00edcula en Formaci\u00f3n Profesional: del 5 al 23 de mayo - Zulaibar Arratiako Lanbide Ikastegia\" \/>\n<meta property=\"og:description\" content=\"Del 5 al 23 de mayo podr\u00e1s iniciar el proceso de matriculaci\u00f3n. Si necesitas m\u00e1s [&hellip;]\" \/>\n<meta property=\"og:url\" content=\"https:\/\/www.zulaibar.net\/es\/prematricula-en-formacion-profesional-del-5-al-23-de-mayo\/\" \/>\n<meta property=\"og:site_name\" content=\"Zulaibar Arratiako Lanbide Ikastegia\" \/>\n<meta property=\"article:publisher\" content=\"https:\/\/www.facebook.com\/zulaibar.arratiakolanbideikastegia\" \/>\n<meta property=\"article:published_time\" content=\"2025-02-10T09:38:23+00:00\" \/>\n<meta property=\"article:modified_time\" content=\"2025-02-10T09:38:24+00:00\" \/>\n<meta property=\"og:image\" content=\"https:\/\/www.zulaibar.net\/wp-content\/uploads\/2025\/02\/albistea-aurrematrikula.png\" \/>\n\t<meta property=\"og:image:width\" content=\"1080\" \/>\n\t<meta property=\"og:image:height\" content=\"566\" \/>\n\t<meta property=\"og:image:type\" content=\"image\/png\" \/>\n<meta name=\"author\" content=\"administrador\" \/>\n<meta name=\"twitter:label1\" content=\"Escrito por\" \/>\n\t<meta name=\"twitter:data1\" content=\"administrador\" \/>\n\t<meta name=\"twitter:label2\" content=\"Tiempo de lectura\" \/>\n\t<meta name=\"twitter:data2\" content=\"1 minuto\" \/>\n<script type=\"application\/ld+json\" class=\"yoast-schema-graph\">{\"@context\":\"https:\/\/schema.org\",\"@graph\":[{\"@type\":\"WebPage\",\"@id\":\"https:\/\/www.zulaibar.net\/es\/prematricula-en-formacion-profesional-del-5-al-23-de-mayo\/\",\"url\":\"https:\/\/www.zulaibar.net\/es\/prematricula-en-formacion-profesional-del-5-al-23-de-mayo\/\",\"name\":\"Prematr\u00edcula en Formaci\u00f3n Profesional: del 5 al 23 de mayo - Zulaibar Arratiako Lanbide Ikastegia\",\"isPartOf\":{\"@id\":\"https:\/\/www.zulaibar.net\/#website\"},\"datePublished\":\"2025-02-10T09:38:23+00:00\",\"dateModified\":\"2025-02-10T09:38:24+00:00\",\"author\":{\"@id\":\"https:\/\/www.zulaibar.net\/#\/schema\/person\/54d5ffd7f8b17e774c2a99587e0798bb\"},\"breadcrumb\":{\"@id\":\"https:\/\/www.zulaibar.net\/es\/prematricula-en-formacion-profesional-del-5-al-23-de-mayo\/#breadcrumb\"},\"inLanguage\":\"es\",\"potentialAction\":[{\"@type\":\"ReadAction\",\"target\":[\"https:\/\/www.zulaibar.net\/es\/prematricula-en-formacion-profesional-del-5-al-23-de-mayo\/\"]}]},{\"@type\":\"BreadcrumbList\",\"@id\":\"https:\/\/www.zulaibar.net\/es\/prematricula-en-formacion-profesional-del-5-al-23-de-mayo\/#breadcrumb\",\"itemListElement\":[{\"@type\":\"ListItem\",\"position\":1,\"name\":\"Portada\",\"item\":\"https:\/\/www.zulaibar.net\/es\/\"},{\"@type\":\"ListItem\",\"position\":2,\"name\":\"Prematr\u00edcula en Formaci\u00f3n Profesional: del 5 al 23 de mayo\"}]},{\"@type\":\"WebSite\",\"@id\":\"https:\/\/www.zulaibar.net\/#website\",\"url\":\"https:\/\/www.zulaibar.net\/\",\"name\":\"Zulaibar Arratiako Lanbide Ikastegia\",\"description\":\"Zulaibar Arratiako Lanbide Ikastegiaren web gunea\",\"potentialAction\":[{\"@type\":\"SearchAction\",\"target\":{\"@type\":\"EntryPoint\",\"urlTemplate\":\"https:\/\/www.zulaibar.net\/?s={search_term_string}\"},\"query-input\":\"required name=search_term_string\"}],\"inLanguage\":\"es\"},{\"@type\":\"Person\",\"@id\":\"https:\/\/www.zulaibar.net\/#\/schema\/person\/54d5ffd7f8b17e774c2a99587e0798bb\",\"name\":\"administrador\",\"url\":\"https:\/\/www.zulaibar.net\/es\/author\/administrador\/\"}]}<\/script>\n<!-- \/ Yoast SEO plugin. -->","yoast_head_json":{"title":"Prematr\u00edcula en Formaci\u00f3n Profesional: del 5 al 23 de mayo - Zulaibar Arratiako Lanbide Ikastegia","robots":{"index":"index","follow":"follow","max-snippet":"max-snippet:-1","max-image-preview":"max-image-preview:large","max-video-preview":"max-video-preview:-1"},"canonical":"https:\/\/www.zulaibar.net\/es\/prematricula-en-formacion-profesional-del-5-al-23-de-mayo\/","og_locale":"es_ES","og_type":"article","og_title":"Prematr\u00edcula en Formaci\u00f3n Profesional: del 5 al 23 de mayo - Zulaibar Arratiako Lanbide Ikastegia","og_description":"Del 5 al 23 de mayo podr\u00e1s iniciar el proceso de matriculaci\u00f3n. Si necesitas m\u00e1s [&hellip;]","og_url":"https:\/\/www.zulaibar.net\/es\/prematricula-en-formacion-profesional-del-5-al-23-de-mayo\/","og_site_name":"Zulaibar Arratiako Lanbide Ikastegia","article_publisher":"https:\/\/www.facebook.com\/zulaibar.arratiakolanbideikastegia","article_published_time":"2025-02-10T09:38:23+00:00","article_modified_time":"2025-02-10T09:38:24+00:00","og_image":[{"width":1080,"height":566,"url":"https:\/\/www.zulaibar.net\/wp-content\/uploads\/2025\/02\/albistea-aurrematrikula.png","type":"image\/png"}],"author":"administrador","twitter_misc":{"Escrito por":"administrador","Tiempo de lectura":"1 minuto"},"schema":{"@context":"https:\/\/schema.org","@graph":[{"@type":"WebPage","@id":"https:\/\/www.zulaibar.net\/es\/prematricula-en-formacion-profesional-del-5-al-23-de-mayo\/","url":"https:\/\/www.zulaibar.net\/es\/prematricula-en-formacion-profesional-del-5-al-23-de-mayo\/","name":"Prematr\u00edcula en Formaci\u00f3n Profesional: del 5 al 23 de mayo - Zulaibar Arratiako Lanbide Ikastegia","isPartOf":{"@id":"https:\/\/www.zulaibar.net\/#website"},"datePublished":"2025-02-10T09:38:23+00:00","dateModified":"2025-02-10T09:38:24+00:00","author":{"@id":"https:\/\/www.zulaibar.net\/#\/schema\/person\/54d5ffd7f8b17e774c2a99587e0798bb"},"breadcrumb":{"@id":"https:\/\/www.zulaibar.net\/es\/prematricula-en-formacion-profesional-del-5-al-23-de-mayo\/#breadcrumb"},"inLanguage":"es","potentialAction":[{"@type":"ReadAction","target":["https:\/\/www.zulaibar.net\/es\/prematricula-en-formacion-profesional-del-5-al-23-de-mayo\/"]}]},{"@type":"BreadcrumbList","@id":"https:\/\/www.zulaibar.net\/es\/prematricula-en-formacion-profesional-del-5-al-23-de-mayo\/#breadcrumb","itemListElement":[{"@type":"ListItem","position":1,"name":"Portada","item":"https:\/\/www.zulaibar.net\/es\/"},{"@type":"ListItem","position":2,"name":"Prematr\u00edcula en Formaci\u00f3n Profesional: del 5 al 23 de mayo"}]},{"@type":"WebSite","@id":"https:\/\/www.zulaibar.net\/#website","url":"https:\/\/www.zulaibar.net\/","name":"Zulaibar Arratiako Lanbide Ikastegia","description":"Zulaibar Arratiako Lanbide Ikastegiaren web gunea","potentialAction":[{"@type":"SearchAction","target":{"@type":"EntryPoint","urlTemplate":"https:\/\/www.zulaibar.net\/?s={search_term_string}"},"query-input":"required name=search_term_string"}],"inLanguage":"es"},{"@type":"Person","@id":"https:\/\/www.zulaibar.net\/#\/schema\/person\/54d5ffd7f8b17e774c2a99587e0798bb","name":"administrador","url":"https:\/\/www.zulaibar.net\/es\/author\/administrador\/"}]}},"_links":{"self":[{"href":"https:\/\/www.zulaibar.net\/es\/wp-json\/wp\/v2\/posts\/7019"}],"collection":[{"href":"https:\/\/www.zulaibar.net\/es\/wp-json\/wp\/v2\/posts"}],"about":[{"href":"https:\/\/www.zulaibar.net\/es\/wp-json\/wp\/v2\/types\/post"}],"author":[{"embeddable":true,"href":"https:\/\/www.zulaibar.net\/es\/wp-json\/wp\/v2\/users\/1"}],"replies":[{"embeddable":true,"href":"https:\/\/www.zulaibar.net\/es\/wp-json\/wp\/v2\/comments?post=7019"}],"version-history":[{"count":1,"href":"https:\/\/www.zulaibar.net\/es\/wp-json\/wp\/v2\/posts\/7019\/revisions"}],"predecessor-version":[{"id":7020,"href":"https:\/\/www.zulaibar.net\/es\/wp-json\/wp\/v2\/posts\/7019\/revisions\/7020"}],"wp:featuredmedia":[{"embeddable":true,"href":"https:\/\/www.zulaibar.net\/es\/wp-json\/wp\/v2\/media\/7017"}],"wp:attachment":[{"href":"https:\/\/www.zulaibar.net\/es\/wp-json\/wp\/v2\/media?parent=7019"}],"wp:term":[{"taxonomy":"category","embeddable":true,"href":"https:\/\/www.zulaibar.net\/es\/wp-json\/wp\/v2\/categories?post=7019"},{"taxonomy":"post_tag","embeddable":true,"href":"https:\/\/www.zulaibar.net\/es\/wp-json\/wp\/v2\/tags?post=7019"}],"curies":[{"name":"wp","href":"https:\/\/api.w.org\/{rel}","templated":true}]}}