{"id":7221,"date":"2025-12-15T12:45:55","date_gmt":"2025-12-15T11:45:55","guid":{"rendered":"https:\/\/www.zulaibar.net\/?p=7221"},"modified":"2025-12-15T12:46:25","modified_gmt":"2025-12-15T11:46:25","slug":"proyecto-emoziona-salud-mental-y-bienestar-en-la-formacion-profesional","status":"publish","type":"post","link":"https:\/\/www.zulaibar.net\/es\/proyecto-emoziona-salud-mental-y-bienestar-en-la-formacion-profesional\/","title":{"rendered":"Proyecto EmoziONA: salud mental y bienestar en la Formaci\u00f3n Profesional"},"content":{"rendered":"\n<p>El centro Zulaibar de Arratia participar\u00e1 activamente durante el curso 2025-2026 en el proyecto EmoziONA, una iniciativa novedosa desarrollada con el apoyo de Tknika. Este proyecto se llevar\u00e1 a cabo en colaboraci\u00f3n con otros tres centros, CIPFP Tolosako Inmakulada Lanbide Ikastola, CIPFP Harrobia LHIPI y CIFP Aretxabaleta Lanbide Eskola LHII, para trabajar de forma coordinada el fomento de la salud emocional y la prevenci\u00f3n de las crisis emocionales en la Formaci\u00f3n Profesional.<\/p>\n\n\n\n<p>El objetivo principal del proyecto es establecer una estrategia integral para trabajar la salud mental, el bienestar emocional y la autorregulaci\u00f3n emocional en el contexto de la Formaci\u00f3n Profesional. Para ello, se desarrollar\u00e1n dos l\u00edneas principales: por un lado, se utilizar\u00e1n entornos multisensoriales para fomentar la tranquilidad, la autorregulaci\u00f3n y el equilibrio interno. Por otro lado, a trav\u00e9s de la T\u00e9cnica de Conciencia Corporal se potenciar\u00e1 el trabajo consciente de la respiraci\u00f3n, la postura y el movimiento, potenciando la capacidad del alumnado para identificar emociones y gestionarlas de forma saludable.<\/p>\n\n\n\n<p>El proyecto, que se extender\u00e1 hasta el 30 de junio de 2026, desarrollar\u00e1 una serie de acciones concretas durante este periodo: protocolos de identificaci\u00f3n de situaciones emocionales, implementaci\u00f3n de sesiones piloto, formaci\u00f3n especial del profesorado, campa\u00f1as sobre h\u00e1bitos saludables y uso sistem\u00e1tico de herramientas de evaluaci\u00f3n.<\/p>\n\n\n\n<p>El proyecto EmoziONA refuerza la colaboraci\u00f3n pedag\u00f3gica entre los centros participantes y supone un paso importante en la apuesta por una Formaci\u00f3n Profesional m\u00e1s inclusiva y saludable, profundizando en una educaci\u00f3n de calidad y en el bienestar de la comunidad.<\/p>\n\n\n\n<figure class=\"wp-block-gallery has-nested-images columns-default is-cropped wp-block-gallery-1 is-layout-flex\"><\/figure>\n","protected":false},"excerpt":{"rendered":"<p>El centro Zulaibar de Arratia participar\u00e1 activamente durante el curso 2025-2026 en el proyecto EmoziONA, [&hellip;]<\/p>\n","protected":false},"author":1,"featured_media":7222,"comment_status":"closed","ping_status":"closed","sticky":false,"template":"","format":"standard","meta":[],"categories":[7],"tags":[],"yoast_head":"<!-- This site is optimized with the Yoast SEO plugin v20.5 - https:\/\/yoast.com\/wordpress\/plugins\/seo\/ -->\n<title>Proyecto EmoziONA: salud mental y bienestar en la Formaci\u00f3n Profesional - Zulaibar Arratiako Lanbide Ikastegia<\/title>\n<meta name=\"robots\" content=\"index, follow, max-snippet:-1, max-image-preview:large, max-video-preview:-1\" \/>\n<link rel=\"canonical\" href=\"https:\/\/www.zulaibar.net\/es\/proyecto-emoziona-salud-mental-y-bienestar-en-la-formacion-profesional\/\" \/>\n<meta property=\"og:locale\" content=\"es_ES\" \/>\n<meta property=\"og:type\" content=\"article\" \/>\n<meta property=\"og:title\" content=\"Proyecto EmoziONA: salud mental y bienestar en la Formaci\u00f3n Profesional - Zulaibar Arratiako Lanbide Ikastegia\" \/>\n<meta property=\"og:description\" content=\"El centro Zulaibar de Arratia participar\u00e1 activamente durante el curso 2025-2026 en el proyecto EmoziONA, [&hellip;]\" \/>\n<meta property=\"og:url\" content=\"https:\/\/www.zulaibar.net\/es\/proyecto-emoziona-salud-mental-y-bienestar-en-la-formacion-profesional\/\" \/>\n<meta property=\"og:site_name\" content=\"Zulaibar Arratiako Lanbide Ikastegia\" \/>\n<meta property=\"article:publisher\" content=\"https:\/\/www.facebook.com\/zulaibar.arratiakolanbideikastegia\" \/>\n<meta property=\"article:published_time\" content=\"2025-12-15T11:45:55+00:00\" \/>\n<meta property=\"article:modified_time\" content=\"2025-12-15T11:46:25+00:00\" \/>\n<meta property=\"og:image\" content=\"https:\/\/www.zulaibar.net\/wp-content\/uploads\/2025\/12\/EmoziONA-5-2.png\" \/>\n\t<meta property=\"og:image:width\" content=\"4961\" \/>\n\t<meta property=\"og:image:height\" content=\"7016\" \/>\n\t<meta property=\"og:image:type\" content=\"image\/png\" \/>\n<meta name=\"author\" content=\"administrador\" \/>\n<meta name=\"twitter:label1\" content=\"Escrito por\" \/>\n\t<meta name=\"twitter:data1\" content=\"administrador\" \/>\n\t<meta name=\"twitter:label2\" content=\"Tiempo de lectura\" \/>\n\t<meta name=\"twitter:data2\" content=\"2 minutos\" \/>\n<script type=\"application\/ld+json\" class=\"yoast-schema-graph\">{\"@context\":\"https:\/\/schema.org\",\"@graph\":[{\"@type\":\"WebPage\",\"@id\":\"https:\/\/www.zulaibar.net\/es\/proyecto-emoziona-salud-mental-y-bienestar-en-la-formacion-profesional\/\",\"url\":\"https:\/\/www.zulaibar.net\/es\/proyecto-emoziona-salud-mental-y-bienestar-en-la-formacion-profesional\/\",\"name\":\"Proyecto EmoziONA: salud mental y bienestar en la Formaci\u00f3n Profesional - Zulaibar Arratiako Lanbide Ikastegia\",\"isPartOf\":{\"@id\":\"https:\/\/www.zulaibar.net\/#website\"},\"datePublished\":\"2025-12-15T11:45:55+00:00\",\"dateModified\":\"2025-12-15T11:46:25+00:00\",\"author\":{\"@id\":\"https:\/\/www.zulaibar.net\/#\/schema\/person\/54d5ffd7f8b17e774c2a99587e0798bb\"},\"breadcrumb\":{\"@id\":\"https:\/\/www.zulaibar.net\/es\/proyecto-emoziona-salud-mental-y-bienestar-en-la-formacion-profesional\/#breadcrumb\"},\"inLanguage\":\"es\",\"potentialAction\":[{\"@type\":\"ReadAction\",\"target\":[\"https:\/\/www.zulaibar.net\/es\/proyecto-emoziona-salud-mental-y-bienestar-en-la-formacion-profesional\/\"]}]},{\"@type\":\"BreadcrumbList\",\"@id\":\"https:\/\/www.zulaibar.net\/es\/proyecto-emoziona-salud-mental-y-bienestar-en-la-formacion-profesional\/#breadcrumb\",\"itemListElement\":[{\"@type\":\"ListItem\",\"position\":1,\"name\":\"Portada\",\"item\":\"https:\/\/www.zulaibar.net\/es\/\"},{\"@type\":\"ListItem\",\"position\":2,\"name\":\"Proyecto EmoziONA: salud mental y bienestar en la Formaci\u00f3n Profesional\"}]},{\"@type\":\"WebSite\",\"@id\":\"https:\/\/www.zulaibar.net\/#website\",\"url\":\"https:\/\/www.zulaibar.net\/\",\"name\":\"Zulaibar Arratiako Lanbide Ikastegia\",\"description\":\"Zulaibar Arratiako Lanbide Ikastegiaren web gunea\",\"potentialAction\":[{\"@type\":\"SearchAction\",\"target\":{\"@type\":\"EntryPoint\",\"urlTemplate\":\"https:\/\/www.zulaibar.net\/?s={search_term_string}\"},\"query-input\":\"required name=search_term_string\"}],\"inLanguage\":\"es\"},{\"@type\":\"Person\",\"@id\":\"https:\/\/www.zulaibar.net\/#\/schema\/person\/54d5ffd7f8b17e774c2a99587e0798bb\",\"name\":\"administrador\",\"url\":\"https:\/\/www.zulaibar.net\/es\/author\/administrador\/\"}]}<\/script>\n<!-- \/ Yoast SEO plugin. -->","yoast_head_json":{"title":"Proyecto EmoziONA: salud mental y bienestar en la Formaci\u00f3n Profesional - Zulaibar Arratiako Lanbide Ikastegia","robots":{"index":"index","follow":"follow","max-snippet":"max-snippet:-1","max-image-preview":"max-image-preview:large","max-video-preview":"max-video-preview:-1"},"canonical":"https:\/\/www.zulaibar.net\/es\/proyecto-emoziona-salud-mental-y-bienestar-en-la-formacion-profesional\/","og_locale":"es_ES","og_type":"article","og_title":"Proyecto EmoziONA: salud mental y bienestar en la Formaci\u00f3n Profesional - Zulaibar Arratiako Lanbide Ikastegia","og_description":"El centro Zulaibar de Arratia participar\u00e1 activamente durante el curso 2025-2026 en el proyecto EmoziONA, [&hellip;]","og_url":"https:\/\/www.zulaibar.net\/es\/proyecto-emoziona-salud-mental-y-bienestar-en-la-formacion-profesional\/","og_site_name":"Zulaibar Arratiako Lanbide Ikastegia","article_publisher":"https:\/\/www.facebook.com\/zulaibar.arratiakolanbideikastegia","article_published_time":"2025-12-15T11:45:55+00:00","article_modified_time":"2025-12-15T11:46:25+00:00","og_image":[{"width":4961,"height":7016,"url":"https:\/\/www.zulaibar.net\/wp-content\/uploads\/2025\/12\/EmoziONA-5-2.png","type":"image\/png"}],"author":"administrador","twitter_misc":{"Escrito por":"administrador","Tiempo de lectura":"2 minutos"},"schema":{"@context":"https:\/\/schema.org","@graph":[{"@type":"WebPage","@id":"https:\/\/www.zulaibar.net\/es\/proyecto-emoziona-salud-mental-y-bienestar-en-la-formacion-profesional\/","url":"https:\/\/www.zulaibar.net\/es\/proyecto-emoziona-salud-mental-y-bienestar-en-la-formacion-profesional\/","name":"Proyecto EmoziONA: salud mental y bienestar en la Formaci\u00f3n Profesional - Zulaibar Arratiako Lanbide Ikastegia","isPartOf":{"@id":"https:\/\/www.zulaibar.net\/#website"},"datePublished":"2025-12-15T11:45:55+00:00","dateModified":"2025-12-15T11:46:25+00:00","author":{"@id":"https:\/\/www.zulaibar.net\/#\/schema\/person\/54d5ffd7f8b17e774c2a99587e0798bb"},"breadcrumb":{"@id":"https:\/\/www.zulaibar.net\/es\/proyecto-emoziona-salud-mental-y-bienestar-en-la-formacion-profesional\/#breadcrumb"},"inLanguage":"es","potentialAction":[{"@type":"ReadAction","target":["https:\/\/www.zulaibar.net\/es\/proyecto-emoziona-salud-mental-y-bienestar-en-la-formacion-profesional\/"]}]},{"@type":"BreadcrumbList","@id":"https:\/\/www.zulaibar.net\/es\/proyecto-emoziona-salud-mental-y-bienestar-en-la-formacion-profesional\/#breadcrumb","itemListElement":[{"@type":"ListItem","position":1,"name":"Portada","item":"https:\/\/www.zulaibar.net\/es\/"},{"@type":"ListItem","position":2,"name":"Proyecto EmoziONA: salud mental y bienestar en la Formaci\u00f3n Profesional"}]},{"@type":"WebSite","@id":"https:\/\/www.zulaibar.net\/#website","url":"https:\/\/www.zulaibar.net\/","name":"Zulaibar Arratiako Lanbide Ikastegia","description":"Zulaibar Arratiako Lanbide Ikastegiaren web gunea","potentialAction":[{"@type":"SearchAction","target":{"@type":"EntryPoint","urlTemplate":"https:\/\/www.zulaibar.net\/?s={search_term_string}"},"query-input":"required name=search_term_string"}],"inLanguage":"es"},{"@type":"Person","@id":"https:\/\/www.zulaibar.net\/#\/schema\/person\/54d5ffd7f8b17e774c2a99587e0798bb","name":"administrador","url":"https:\/\/www.zulaibar.net\/es\/author\/administrador\/"}]}},"_links":{"self":[{"href":"https:\/\/www.zulaibar.net\/es\/wp-json\/wp\/v2\/posts\/7221"}],"collection":[{"href":"https:\/\/www.zulaibar.net\/es\/wp-json\/wp\/v2\/posts"}],"about":[{"href":"https:\/\/www.zulaibar.net\/es\/wp-json\/wp\/v2\/types\/post"}],"author":[{"embeddable":true,"href":"https:\/\/www.zulaibar.net\/es\/wp-json\/wp\/v2\/users\/1"}],"replies":[{"embeddable":true,"href":"https:\/\/www.zulaibar.net\/es\/wp-json\/wp\/v2\/comments?post=7221"}],"version-history":[{"count":2,"href":"https:\/\/www.zulaibar.net\/es\/wp-json\/wp\/v2\/posts\/7221\/revisions"}],"predecessor-version":[{"id":7225,"href":"https:\/\/www.zulaibar.net\/es\/wp-json\/wp\/v2\/posts\/7221\/revisions\/7225"}],"wp:featuredmedia":[{"embeddable":true,"href":"https:\/\/www.zulaibar.net\/es\/wp-json\/wp\/v2\/media\/7222"}],"wp:attachment":[{"href":"https:\/\/www.zulaibar.net\/es\/wp-json\/wp\/v2\/media?parent=7221"}],"wp:term":[{"taxonomy":"category","embeddable":true,"href":"https:\/\/www.zulaibar.net\/es\/wp-json\/wp\/v2\/categories?post=7221"},{"taxonomy":"post_tag","embeddable":true,"href":"https:\/\/www.zulaibar.net\/es\/wp-json\/wp\/v2\/tags?post=7221"}],"curies":[{"name":"wp","href":"https:\/\/api.w.org\/{rel}","templated":true}]}}