{"id":907,"date":"2015-10-29T13:29:14","date_gmt":"2015-10-29T12:29:14","guid":{"rendered":"http:\/\/cas.zulaibar.org\/?p=907"},"modified":"2016-05-01T19:59:11","modified_gmt":"2016-05-01T18:59:11","slug":"contrato-laboral-para-la-formacion-y-aprendizaje-formacion-dual","status":"publish","type":"post","link":"https:\/\/www.zulaibar.net\/es\/contrato-laboral-para-la-formacion-y-aprendizaje-formacion-dual\/","title":{"rendered":"Contrato Laboral"},"content":{"rendered":"<h3 style=\"text-align: center; display: inline !important;\">Contrato Laboral para la Formaci\u00f3n y Aprendizaje. Formaci\u00f3n Dual<\/h3>\n<p style=\"text-align: center; display: inline !important;\"><strong>Formaci\u00f3n dual en alternancia :En el centro formativo y en el lugar de trabajo.<\/strong><\/p>\n<p style=\"display: inline !important; text-align: left;\">La Formaci\u00f3n dual en alternancia es aquella que posibilita compaginar estudio y trabajo, a trav\u00e9s de un proceso de formaci\u00f3n definido e impartido entre centro formativo y empresa, y mediante una relaci\u00f3n laboral entre la empresa y el estudiante-trabajador.<\/p>\n<p style=\"text-align: left;\">Este modelo de formaci\u00f3n dual en alternancia traslada partes de los procesos de aprendizaje a las empresas, convirtiendo a \u00e9stas en agentes determinantes del proceso de aprendizaje del alumnado. Permite engarzar la formaci\u00f3n en centros de estudio y en centros de trabajo, integrando mejor las competencias t\u00e9cnicas y trasversales o sociales. Facilita, paralelamente, oportunidades de formaci\u00f3n y trabajo a los j\u00f3venes, pero tambi\u00e9n garantiza a las empresas, en el corto y largo plazo, el personal necesario y con las cualificaciones precisas para cubrir las necesidades del sistema productivo.<\/p>\n<p style=\"display: inline !important;\">Formaci\u00f3n de dos maneras:<\/p>\n<p style=\"text-align: left;\">La Formaci\u00f3n profesional dual en alternancia, que va a posibilitar la obtenci\u00f3n de un ciclo formativo o certificado de profesionalidad, compaginando estudio y trabajo: Zulaibar est\u00e1 trabajando junto al\u00a0 Gobierno Vasco, las empresas\u00a0 y el alumnado en este modelo, que tiene como principales caracter\u00edsticas, las siguientes:<\/p>\n<p style=\"display: inline !important; text-align: left;\">\u2022 Alumnado entre 16 y 30 a\u00f1os inscritos en Lanbide.<\/p>\n<p style=\"text-align: left;\">\u2022 Contrato Laboral para la Formaci\u00f3n y el Aprendizaje.<\/p>\n<p style=\"text-align: left;\">\u2022 La empresa define junto con el centro el Plan Formativo, pudiendo incluir formaci\u00f3n espec\u00edfica al margen de la establecida en la titulaci\u00f3n del estudiante-trabajador.<\/p>\n<p style=\"text-align: left;\">\u2022 Programa flexible y adaptado a las necesidades de las empresas.<\/p>\n<p style=\"text-align: left;\">\u2022 El trabajo realizado por el alumno en la empresa debe estar estrechamente relacionado con su perfil profesional.<\/p>\n<p style=\"text-align: left;\">\u2022 El alumnado que participe en el programa est\u00e1 exento del m\u00f3dulo de FCT.<\/p>\n<p style=\"text-align: left;\">\u2022 Los proyectos contemplan generalmente un primer curso del ciclo formativo en el propio centro educativo y un segundo curso de formaci\u00f3n dual en alternancia, sustentado en un contrato laboral de Formaci\u00f3n y Aprendizaje.<\/p>\n<p style=\"text-align: left;\">\u2022 La evaluaci\u00f3n se comparte entre el centro y la empresa.<\/p>\n<p style=\"text-align: left;\">\u2022 Con el objetivo de ayudar a la empresa, por la dedicaci\u00f3n del Instructor a la formaci\u00f3n del estudiante-trabajador, se establece una ayuda de 2000 \u20ac por contrato y a\u00f1o.<\/p>\n<p style=\"display: inline !important; text-align: left;\">As\u00ed mismo, la empresa tendr\u00e1 derecho a los beneficios propios establecidos para el Contrato de Formaci\u00f3n y Aprendizaje, como la supresi\u00f3n o reducci\u00f3n de la cotizaci\u00f3n a la seguridad social, en funci\u00f3n del tama\u00f1o de la empresa.<\/p>\n<p style=\"text-align: center;\"><a href=\"http:\/\/cas.zulaibar.org\/wp-content\/uploads\/2015\/10\/Diapositiva2.tif\">\u00a0<\/a><\/p>\n","protected":false},"excerpt":{"rendered":"<p>Contrato Laboral para la Formaci\u00f3n y Aprendizaje. Formaci\u00f3n Dual Formaci\u00f3n dual en alternancia :En el [&hellip;]<\/p>\n","protected":false},"author":1,"featured_media":2628,"comment_status":"closed","ping_status":"closed","sticky":false,"template":"","format":"standard","meta":[],"categories":[7],"tags":[],"yoast_head":"<!-- This site is optimized with the Yoast SEO plugin v20.5 - https:\/\/yoast.com\/wordpress\/plugins\/seo\/ -->\n<title>Contrato Laboral - Zulaibar Arratiako Lanbide Ikastegia<\/title>\n<meta name=\"robots\" content=\"index, follow, max-snippet:-1, max-image-preview:large, max-video-preview:-1\" \/>\n<link rel=\"canonical\" href=\"https:\/\/www.zulaibar.net\/es\/contrato-laboral-para-la-formacion-y-aprendizaje-formacion-dual\/\" \/>\n<meta property=\"og:locale\" content=\"es_ES\" \/>\n<meta property=\"og:type\" content=\"article\" \/>\n<meta property=\"og:title\" content=\"Contrato Laboral - Zulaibar Arratiako Lanbide Ikastegia\" \/>\n<meta property=\"og:description\" content=\"Contrato Laboral para la Formaci\u00f3n y Aprendizaje. Formaci\u00f3n Dual Formaci\u00f3n dual en alternancia :En el [&hellip;]\" \/>\n<meta property=\"og:url\" content=\"https:\/\/www.zulaibar.net\/es\/contrato-laboral-para-la-formacion-y-aprendizaje-formacion-dual\/\" \/>\n<meta property=\"og:site_name\" content=\"Zulaibar Arratiako Lanbide Ikastegia\" \/>\n<meta property=\"article:publisher\" content=\"https:\/\/www.facebook.com\/zulaibar.arratiakolanbideikastegia\" \/>\n<meta property=\"article:published_time\" content=\"2015-10-29T12:29:14+00:00\" \/>\n<meta property=\"article:modified_time\" content=\"2016-05-01T18:59:11+00:00\" \/>\n<meta property=\"og:image\" content=\"https:\/\/www.zulaibar.net\/wp-content\/uploads\/2015\/10\/formacion-dual.jpg\" \/>\n\t<meta property=\"og:image:width\" content=\"1150\" \/>\n\t<meta property=\"og:image:height\" content=\"700\" \/>\n\t<meta property=\"og:image:type\" content=\"image\/jpeg\" \/>\n<meta name=\"author\" content=\"administrador\" \/>\n<meta name=\"twitter:label1\" content=\"Escrito por\" \/>\n\t<meta name=\"twitter:data1\" content=\"administrador\" \/>\n\t<meta name=\"twitter:label2\" content=\"Tiempo de lectura\" \/>\n\t<meta name=\"twitter:data2\" content=\"2 minutos\" \/>\n<script type=\"application\/ld+json\" class=\"yoast-schema-graph\">{\"@context\":\"https:\/\/schema.org\",\"@graph\":[{\"@type\":\"WebPage\",\"@id\":\"https:\/\/www.zulaibar.net\/es\/contrato-laboral-para-la-formacion-y-aprendizaje-formacion-dual\/\",\"url\":\"https:\/\/www.zulaibar.net\/es\/contrato-laboral-para-la-formacion-y-aprendizaje-formacion-dual\/\",\"name\":\"Contrato Laboral - Zulaibar Arratiako Lanbide Ikastegia\",\"isPartOf\":{\"@id\":\"https:\/\/www.zulaibar.net\/#website\"},\"datePublished\":\"2015-10-29T12:29:14+00:00\",\"dateModified\":\"2016-05-01T18:59:11+00:00\",\"author\":{\"@id\":\"https:\/\/www.zulaibar.net\/#\/schema\/person\/54d5ffd7f8b17e774c2a99587e0798bb\"},\"breadcrumb\":{\"@id\":\"https:\/\/www.zulaibar.net\/es\/contrato-laboral-para-la-formacion-y-aprendizaje-formacion-dual\/#breadcrumb\"},\"inLanguage\":\"es\",\"potentialAction\":[{\"@type\":\"ReadAction\",\"target\":[\"https:\/\/www.zulaibar.net\/es\/contrato-laboral-para-la-formacion-y-aprendizaje-formacion-dual\/\"]}]},{\"@type\":\"BreadcrumbList\",\"@id\":\"https:\/\/www.zulaibar.net\/es\/contrato-laboral-para-la-formacion-y-aprendizaje-formacion-dual\/#breadcrumb\",\"itemListElement\":[{\"@type\":\"ListItem\",\"position\":1,\"name\":\"Portada\",\"item\":\"https:\/\/www.zulaibar.net\/es\/\"},{\"@type\":\"ListItem\",\"position\":2,\"name\":\"Contrato Laboral\"}]},{\"@type\":\"WebSite\",\"@id\":\"https:\/\/www.zulaibar.net\/#website\",\"url\":\"https:\/\/www.zulaibar.net\/\",\"name\":\"Zulaibar Arratiako Lanbide Ikastegia\",\"description\":\"Zulaibar Arratiako Lanbide Ikastegiaren web gunea\",\"potentialAction\":[{\"@type\":\"SearchAction\",\"target\":{\"@type\":\"EntryPoint\",\"urlTemplate\":\"https:\/\/www.zulaibar.net\/?s={search_term_string}\"},\"query-input\":\"required name=search_term_string\"}],\"inLanguage\":\"es\"},{\"@type\":\"Person\",\"@id\":\"https:\/\/www.zulaibar.net\/#\/schema\/person\/54d5ffd7f8b17e774c2a99587e0798bb\",\"name\":\"administrador\",\"url\":\"https:\/\/www.zulaibar.net\/es\/author\/administrador\/\"}]}<\/script>\n<!-- \/ Yoast SEO plugin. -->","yoast_head_json":{"title":"Contrato Laboral - Zulaibar Arratiako Lanbide Ikastegia","robots":{"index":"index","follow":"follow","max-snippet":"max-snippet:-1","max-image-preview":"max-image-preview:large","max-video-preview":"max-video-preview:-1"},"canonical":"https:\/\/www.zulaibar.net\/es\/contrato-laboral-para-la-formacion-y-aprendizaje-formacion-dual\/","og_locale":"es_ES","og_type":"article","og_title":"Contrato Laboral - Zulaibar Arratiako Lanbide Ikastegia","og_description":"Contrato Laboral para la Formaci\u00f3n y Aprendizaje. Formaci\u00f3n Dual Formaci\u00f3n dual en alternancia :En el [&hellip;]","og_url":"https:\/\/www.zulaibar.net\/es\/contrato-laboral-para-la-formacion-y-aprendizaje-formacion-dual\/","og_site_name":"Zulaibar Arratiako Lanbide Ikastegia","article_publisher":"https:\/\/www.facebook.com\/zulaibar.arratiakolanbideikastegia","article_published_time":"2015-10-29T12:29:14+00:00","article_modified_time":"2016-05-01T18:59:11+00:00","og_image":[{"width":1150,"height":700,"url":"https:\/\/www.zulaibar.net\/wp-content\/uploads\/2015\/10\/formacion-dual.jpg","type":"image\/jpeg"}],"author":"administrador","twitter_misc":{"Escrito por":"administrador","Tiempo de lectura":"2 minutos"},"schema":{"@context":"https:\/\/schema.org","@graph":[{"@type":"WebPage","@id":"https:\/\/www.zulaibar.net\/es\/contrato-laboral-para-la-formacion-y-aprendizaje-formacion-dual\/","url":"https:\/\/www.zulaibar.net\/es\/contrato-laboral-para-la-formacion-y-aprendizaje-formacion-dual\/","name":"Contrato Laboral - Zulaibar Arratiako Lanbide Ikastegia","isPartOf":{"@id":"https:\/\/www.zulaibar.net\/#website"},"datePublished":"2015-10-29T12:29:14+00:00","dateModified":"2016-05-01T18:59:11+00:00","author":{"@id":"https:\/\/www.zulaibar.net\/#\/schema\/person\/54d5ffd7f8b17e774c2a99587e0798bb"},"breadcrumb":{"@id":"https:\/\/www.zulaibar.net\/es\/contrato-laboral-para-la-formacion-y-aprendizaje-formacion-dual\/#breadcrumb"},"inLanguage":"es","potentialAction":[{"@type":"ReadAction","target":["https:\/\/www.zulaibar.net\/es\/contrato-laboral-para-la-formacion-y-aprendizaje-formacion-dual\/"]}]},{"@type":"BreadcrumbList","@id":"https:\/\/www.zulaibar.net\/es\/contrato-laboral-para-la-formacion-y-aprendizaje-formacion-dual\/#breadcrumb","itemListElement":[{"@type":"ListItem","position":1,"name":"Portada","item":"https:\/\/www.zulaibar.net\/es\/"},{"@type":"ListItem","position":2,"name":"Contrato Laboral"}]},{"@type":"WebSite","@id":"https:\/\/www.zulaibar.net\/#website","url":"https:\/\/www.zulaibar.net\/","name":"Zulaibar Arratiako Lanbide Ikastegia","description":"Zulaibar Arratiako Lanbide Ikastegiaren web gunea","potentialAction":[{"@type":"SearchAction","target":{"@type":"EntryPoint","urlTemplate":"https:\/\/www.zulaibar.net\/?s={search_term_string}"},"query-input":"required name=search_term_string"}],"inLanguage":"es"},{"@type":"Person","@id":"https:\/\/www.zulaibar.net\/#\/schema\/person\/54d5ffd7f8b17e774c2a99587e0798bb","name":"administrador","url":"https:\/\/www.zulaibar.net\/es\/author\/administrador\/"}]}},"_links":{"self":[{"href":"https:\/\/www.zulaibar.net\/es\/wp-json\/wp\/v2\/posts\/907"}],"collection":[{"href":"https:\/\/www.zulaibar.net\/es\/wp-json\/wp\/v2\/posts"}],"about":[{"href":"https:\/\/www.zulaibar.net\/es\/wp-json\/wp\/v2\/types\/post"}],"author":[{"embeddable":true,"href":"https:\/\/www.zulaibar.net\/es\/wp-json\/wp\/v2\/users\/1"}],"replies":[{"embeddable":true,"href":"https:\/\/www.zulaibar.net\/es\/wp-json\/wp\/v2\/comments?post=907"}],"version-history":[{"count":11,"href":"https:\/\/www.zulaibar.net\/es\/wp-json\/wp\/v2\/posts\/907\/revisions"}],"predecessor-version":[{"id":2630,"href":"https:\/\/www.zulaibar.net\/es\/wp-json\/wp\/v2\/posts\/907\/revisions\/2630"}],"wp:featuredmedia":[{"embeddable":true,"href":"https:\/\/www.zulaibar.net\/es\/wp-json\/wp\/v2\/media\/2628"}],"wp:attachment":[{"href":"https:\/\/www.zulaibar.net\/es\/wp-json\/wp\/v2\/media?parent=907"}],"wp:term":[{"taxonomy":"category","embeddable":true,"href":"https:\/\/www.zulaibar.net\/es\/wp-json\/wp\/v2\/categories?post=907"},{"taxonomy":"post_tag","embeddable":true,"href":"https:\/\/www.zulaibar.net\/es\/wp-json\/wp\/v2\/tags?post=907"}],"curies":[{"name":"wp","href":"https:\/\/api.w.org\/{rel}","templated":true}]}}